{"id":14238,"date":"2016-03-03T12:55:39","date_gmt":"2016-03-03T11:55:39","guid":{"rendered":"http:\/\/www.spvgg-quierschied.de\/?p=14238"},"modified":"2016-03-04T11:37:08","modified_gmt":"2016-03-04T10:37:08","slug":"langes-heimspiel-wochenende-am-franzenhaus","status":"publish","type":"post","link":"https:\/\/www.spvgg-quierschied.de\/?p=14238","title":{"rendered":"Erstes langes Heimspiel-Wochenende 2016 &#8211; Wir wollen helfen!"},"content":{"rendered":"<p><strong>Das erste M\u00e4rz-Wochenende bedeutet f\u00fcr die Quierschieder Fu\u00dfballfreunde gleichzeitig ein langes Fu\u00dfball-Wochenende. Schon am Samstag trifft unsere 1. Mannschaft zuhause auf den SV Karlsbrunn. Das Spiel wird um 15:30 Uhr angepfiffen. Am Sonntag sind dann unsere 2. und 3. Mannschaft dran. Sie erwarten den TuS Eschringen auf dem heimischen Kunstrasenplatz (Dritte 13:15 Uhr, Zweite 15:00 Uhr). <\/strong><\/p>\n<h3><span style=\"color: #339966;\"><strong><u>19.Spieltag Verbandsliga S\u00fcdwest Sa. 05.03.2016, 15:30 Uhr\u00a0Spvgg Quierschied \u2013\u00a0SV Karlsbrunn<\/u><\/strong><\/span><\/h3>\n<p><strong>Spielort:<\/strong> Kunstrasenplatz am Franzenhaus, Quierschied<\/p>\n<div id=\"attachment_5311\" style=\"width: 110px\" class=\"wp-caption alignright\"><a href=\"https:\/\/www.spvgg-quierschied.de\/wp-content\/uploads\/2012\/10\/Logo-SV-Karlsbrunn.gif\" rel=\"attachment wp-att-5311\"><img loading=\"lazy\" decoding=\"async\" aria-describedby=\"caption-attachment-5311\" class=\"wp-image-5311 size-full\" src=\"https:\/\/www.spvgg-quierschied.de\/wp-content\/uploads\/2012\/10\/Logo-SV-Karlsbrunn.gif\" alt=\"Quelle: www.vereinswappen.de\/wappen\/verein\/sv-karlsbrunn.gif\" width=\"100\" height=\"100\" \/><\/a><p id=\"caption-attachment-5311\" class=\"wp-caption-text\">Quelle: www.vereinswappen.de\/wappen\/verein\/sv-karlsbrunn.gif<\/p><\/div>\n<p><strong>Spvgg:<\/strong>\u00a0Den Start in das neue Jahr hat sich unsere Mannschaft von Coach Markus Woll sicher anders vorgestellt. So gab es am vergangenen Sonntag beim Ausw\u00e4rtsspiel in Fremersdorf eine bittere 3:4 Niederlage. Damit rutschte unsere Mannschaft erst einmal wieder vom Relegationsrang ab. Die\u00a0Niederlage in Fremersdorf gilt es jetzt direkt vergessen zu machen. Und das wird nur bei 3 Punkten am Samstag der Fall sein. Mit dem SV Karlsbrunn wird unsere Mannschaft eine harte Nuss zu knacken haben. Trotzdem wird unsere Spvgg alles daran setzen, den ersten Sieg 2016 einzufahren. Dazu bedarf es 90 Minuten h\u00f6chste Konzentration und ein gro\u00dfes Engagement in allen Mannschaftsteilen. Fehlen wird dabei Julian Fernsner\u00a0wegen seiner roten Karte. Allerdings sind alle restlichen Spieler &#8211; abgesehen von Meikel Bender, der noch ein paar Wochen braucht &#8211; einsatzbereit.<\/p>\n<p><strong>SV Karlsbrunn: <\/strong>Der SV Karlsbrunn kommt als Tabellenf\u00fcnfter nach Quierschied. Mit dem Sieg am vergangenen Sonntag gegen die SG Perl Besch (2:0), konnte der SVK zum Abschluss des Spieltags 30 Punkte vorweisen. Generell zeigt die Entwicklung der Truppe von Spielertrainer Manuel Haag nach Oben. Vor allem ausw\u00e4rts sind die Warndt-Buben unbequem zu bespielen. So ist der SVK die momentan drittbeste Ausw\u00e4rtsmannschaft der Liga. Erfolgreichster Torsch\u00fctze der Haag-Elf ist Thomas Geibig mit 15 Treffern.<\/p>\n<div id=\"attachment_14241\" style=\"width: 310px\" class=\"wp-caption aligncenter\"><a href=\"https:\/\/www.spvgg-quierschied.de\/wp-content\/uploads\/2016\/03\/SV-Karlsbrunn.jpg\" rel=\"attachment wp-att-14241\"><img loading=\"lazy\" decoding=\"async\" aria-describedby=\"caption-attachment-14241\" class=\"wp-image-14241 size-medium\" src=\"https:\/\/www.spvgg-quierschied.de\/wp-content\/uploads\/2016\/03\/SV-Karlsbrunn-300x150.jpg\" alt=\"SV Karlsbrunn 2015\/2016. Foto: Verein. \" width=\"300\" height=\"150\" srcset=\"https:\/\/www.spvgg-quierschied.de\/wp-content\/uploads\/2016\/03\/SV-Karlsbrunn-300x150.jpg 300w, https:\/\/www.spvgg-quierschied.de\/wp-content\/uploads\/2016\/03\/SV-Karlsbrunn-768x385.jpg 768w, https:\/\/www.spvgg-quierschied.de\/wp-content\/uploads\/2016\/03\/SV-Karlsbrunn-1024x514.jpg 1024w, https:\/\/www.spvgg-quierschied.de\/wp-content\/uploads\/2016\/03\/SV-Karlsbrunn-560x281.jpg 560w, https:\/\/www.spvgg-quierschied.de\/wp-content\/uploads\/2016\/03\/SV-Karlsbrunn-260x130.jpg 260w, https:\/\/www.spvgg-quierschied.de\/wp-content\/uploads\/2016\/03\/SV-Karlsbrunn-160x80.jpg 160w, https:\/\/www.spvgg-quierschied.de\/wp-content\/uploads\/2016\/03\/SV-Karlsbrunn.jpg 2048w\" sizes=\"auto, (max-width: 300px) 100vw, 300px\" \/><\/a><p id=\"caption-attachment-14241\" class=\"wp-caption-text\">SV Karlsbrunn 2015\/2016. Foto: Verein.<\/p><\/div>\n<p style=\"text-align: left;\"><span style=\"color: #ff0000;\">An dieser Stelle m\u00f6chten wir einen wichtigen Hinweis platzieren. Ein Spieler des SV Karlsbrunn ist schwer erkrankt. Er hat Blutkrebs. Stefan Sch\u00e4fer, <a href=\"https:\/\/www.spvgg-quierschied.de\/wp-content\/uploads\/2016\/03\/Aktion-f\u00fcr-Stefan.jpg\" rel=\"attachment wp-att-14242\"><img loading=\"lazy\" decoding=\"async\" class=\"alignright wp-image-14242\" src=\"https:\/\/www.spvgg-quierschied.de\/wp-content\/uploads\/2016\/03\/Aktion-f\u00fcr-Stefan-205x300.jpg\" alt=\"Aktion f\u00fcr Stefan\" width=\"170\" height=\"242\" \/><\/a><\/span><\/p>\n<p style=\"text-align: left;\"><span style=\"color: #ff0000;\">der im Hinspiel noch mit auf dem Platz stand, sucht dringend einen Stammzellenspender. Daf\u00fcr findet am Sonntag, den\u00a020.03.16 eine Registrierung potentieller Spender statt (siehe Bild). Wir nutzen gerne die Gelegenheit f\u00fcr unsere Freunde aus Karlsbrunn und\u00a0vor allem f\u00fcr Stefan hier ebenfalls\u00a0etwas Aufmerksamkeit zu erregen. Wir w\u00fcnschen gute Besserung!<\/span><\/p>\n<p><strong>Der Gegner im Netz:<\/strong> <a href=\"http:\/\/www.svkarlsbrunn.de\" target=\"_blank\">www.svkarlsbrunn.de<\/a><\/p>\n<p><strong>Das Hinspiel: <\/strong><a href=\"https:\/\/www.spvgg-quierschied.de\/?p=12768\" target=\"_blank\">Das Hinspiel<\/a> in Karlsbrunn konnte unsere Mannschaft mit 4:2 f\u00fcr sich entscheiden.<\/p>\n<p><strong>Wer pfeift? <\/strong>Lt. Fussball.de Herr Chrstoph M\u00fcller von der DJK Niederlosheim.<\/p>\n<hr \/>\n<h3><strong><span style=\"color: #339966;\"><u>19.Spieltag\u00a0Bezirksliga Saarbr\u00fccken\u00a0So. 06.03.2016,\u00a015:00 Uhr\u00a0Spvgg Quierschied 2 \u2013 TuS Eschringen\u00a0(12:45 Uhr 3. Mannschaft \u2013 TuS\u00a0Eschringen 2)<\/u>\u00a0<\/span> <\/strong><\/h3>\n<p><strong>Spielort:<\/strong> Kunstrasenplatz am Franzenhaus, Quierschied<\/p>\n<div id=\"attachment_2436\" style=\"width: 160px\" class=\"wp-caption alignright\"><a href=\"https:\/\/www.spvgg-quierschied.de\/wp-content\/uploads\/2012\/03\/Logo-TuS-Eschringen.jpg\" rel=\"attachment wp-att-2436\"><img loading=\"lazy\" decoding=\"async\" aria-describedby=\"caption-attachment-2436\" class=\"wp-image-2436 size-full\" src=\"https:\/\/www.spvgg-quierschied.de\/wp-content\/uploads\/2012\/03\/Logo-TuS-Eschringen.jpg\" alt=\"Quelle: www.tus.eschringen.de\" width=\"150\" height=\"151\" \/><\/a><p id=\"caption-attachment-2436\" class=\"wp-caption-text\">Quelle: www.tus.eschringen.de<\/p><\/div>\n<p><strong>Spvgg 2:<\/strong> Unsere Bezirksligamannschaft konnte am Sonntag in Riegelsberg den ersten Punktgewinn 2016 feiern. Trotz eines guten Auftritts lagen die Wambe dabei am Ende noch mit 2:3 hinten. Doch ein Kopfballtor von Olli Wirth sorgte f\u00fcr das 3:3 und den ersten Z\u00e4hler im neuen Jahr\u00a0auf der Habenseite. Gegen den Abstiegskandidaten aus Eschringen m\u00f6chte unsere Elf von Trainer Dirk Gro\u00df den ersten Dreier einfahren. Doch die G\u00e4ste gilt es auf keinen Fall zu untersch\u00e4tzen, denn diese brauchen ganz dringend Punkte im Kampf um den Klassenerhalt. Wer m\u00f6glichweise am Sonntag\u00a0von dem Kader der 1. Mannschaft zur Zweiten sto\u00dfen wird, entscheidet sich wohl erst nach dem Spiel der Ersten am Samstag.<\/p>\n<p><strong>TuS Eschringen: <\/strong>Unsere G\u00e4ste aus Eschringen werden von Timo T\u00f6ttel trainiert. Er rangiert momentan mit der 1. Mannschaft des TuS auf dem 12. Tabellenplatz der Bezirksliga Saarbr\u00fccken. Damit ist die Elf aus dem Saarbr\u00fccker Stadtteil nur einen Punkt vom abstiegsgef\u00e4hrdeten 14. Platz entfernt. In 18 Spielen ergatterten T\u00f6ttel und seine Elf 19 Z\u00e4hler bei einem Torverh\u00e4ltnis von 31:39. Am vergangenen Sonntag unterlag Eschringen im Duell gegen den Mitkonkurrenten SV Emmersweiler mit 0:2.<\/p>\n<div id=\"attachment_14244\" style=\"width: 310px\" class=\"wp-caption aligncenter\"><a href=\"https:\/\/www.spvgg-quierschied.de\/wp-content\/uploads\/2016\/03\/TuS-Eschringen-1.jpg\" rel=\"attachment wp-att-14244\"><img loading=\"lazy\" decoding=\"async\" aria-describedby=\"caption-attachment-14244\" class=\"wp-image-14244 size-medium\" src=\"https:\/\/www.spvgg-quierschied.de\/wp-content\/uploads\/2016\/03\/TuS-Eschringen-1-300x172.jpg\" alt=\"TuS Eschringen 1 Saison 2015\/2016. Foto: Urgo Foto Shooting. \" width=\"300\" height=\"172\" srcset=\"https:\/\/www.spvgg-quierschied.de\/wp-content\/uploads\/2016\/03\/TuS-Eschringen-1-300x172.jpg 300w, https:\/\/www.spvgg-quierschied.de\/wp-content\/uploads\/2016\/03\/TuS-Eschringen-1-768x440.jpg 768w, https:\/\/www.spvgg-quierschied.de\/wp-content\/uploads\/2016\/03\/TuS-Eschringen-1-560x321.jpg 560w, https:\/\/www.spvgg-quierschied.de\/wp-content\/uploads\/2016\/03\/TuS-Eschringen-1-260x149.jpg 260w, https:\/\/www.spvgg-quierschied.de\/wp-content\/uploads\/2016\/03\/TuS-Eschringen-1-160x92.jpg 160w, https:\/\/www.spvgg-quierschied.de\/wp-content\/uploads\/2016\/03\/TuS-Eschringen-1.jpg 960w\" sizes=\"auto, (max-width: 300px) 100vw, 300px\" \/><\/a><p id=\"caption-attachment-14244\" class=\"wp-caption-text\">TuS Eschringen 1 Saison 2015\/2016. Foto: Urgo Foto Shooting.<\/p><\/div>\n<p><strong>Der Gegner im Netz: <\/strong><a href=\"http:\/\/www.tus.eschringen.de\" target=\"_blank\">www.tus.eschringen.de <\/a><\/p>\n<p><strong>Wer pfeift? <\/strong>Lt. Fussball.de Herr\u00a0Dustin Tomczak von der SV Holz-Wahlschied.<\/p>\n<p><strong>Das Hinspiel:<\/strong> <a href=\"https:\/\/www.spvgg-quierschied.de\/?p=12766\" target=\"_blank\">Das Hinspiel<\/a> gewann unsere Mannschaft knapp mit 2:1.<\/p>\n<p><strong>Das Vorspiel: <\/strong>Am Sonntag empf\u00e4ngt unsere 3. Mannschaft um 13:15 Uhr den TuS Eschringen 2. Unsere Elf von Tommy Nawrath \u00fcberraschte\u00a0letzte Woche\u00a0mit einem sehr guten Spiel beim Spitzenreiter in Riegelsberg. Geht da noch was nach Oben? Um weiter auf den 1. Platz schielen zu d\u00fcrfen bedarf es am Sonntag weiteren drei Punkten. Gegen das Schlusslicht der KL B Saarbr\u00fccken ist unsere Wambe Favorit und m\u00f6chte dieser Rolle auch gerecht werden. <a href=\"https:\/\/www.spvgg-quierschied.de\/?p=12764\" target=\"_blank\">Im Hinspiel<\/a> gewann unsere Dritte mit 7:5.<\/p>\n<h3 style=\"text-align: center;\"><strong><span style=\"color: #339966;\">Auf geht\u00b4s zum langen Heimspiel-Wochenende! Viele weitere Infos rund um die Spiele, aktuelle Berichte unserer Trainer sowie\u00a0interessante Spvgg-News gibt\u00b4s in der ersten Ausgabe 2016\u00a0unseres &#8222;Wambebl\u00e4ttche&#8220; (ab Samstag auf dem Sportplatz kostenfrei erh\u00e4ltlich).<\/span> <\/strong><\/h3>\n","protected":false},"excerpt":{"rendered":"<p>Das erste M\u00e4rz-Wochenende bedeutet f\u00fcr die Quierschieder Fu\u00dfballfreunde gleichzeitig ein langes Fu\u00dfball-Wochenende. Schon am Samstag trifft unsere 1. Mannschaft zuhause auf den SV Karlsbrunn. Das Spiel wird um 15:30 Uhr angepfiffen. Am Sonntag sind dann unsere 2. und 3. Mannschaft&hellip;<\/p>\n<p class=\"more-link-p\"><a class=\"more-link\" href=\"https:\/\/www.spvgg-quierschied.de\/?p=14238\">Read more &rarr;<\/a><\/p>\n","protected":false},"author":4,"featured_media":5311,"comment_status":"closed","ping_status":"closed","sticky":false,"template":"","format":"standard","meta":{"footnotes":""},"categories":[5],"tags":[],"class_list":["post-14238","post","type-post","status-publish","format-standard","has-post-thumbnail","hentry","category-aktive"],"_links":{"self":[{"href":"https:\/\/www.spvgg-quierschied.de\/index.php?rest_route=\/wp\/v2\/posts\/14238","targetHints":{"allow":["GET"]}}],"collection":[{"href":"https:\/\/www.spvgg-quierschied.de\/index.php?rest_route=\/wp\/v2\/posts"}],"about":[{"href":"https:\/\/www.spvgg-quierschied.de\/index.php?rest_route=\/wp\/v2\/types\/post"}],"author":[{"embeddable":true,"href":"https:\/\/www.spvgg-quierschied.de\/index.php?rest_route=\/wp\/v2\/users\/4"}],"replies":[{"embeddable":true,"href":"https:\/\/www.spvgg-quierschied.de\/index.php?rest_route=%2Fwp%2Fv2%2Fcomments&post=14238"}],"version-history":[{"count":11,"href":"https:\/\/www.spvgg-quierschied.de\/index.php?rest_route=\/wp\/v2\/posts\/14238\/revisions"}],"predecessor-version":[{"id":14253,"href":"https:\/\/www.spvgg-quierschied.de\/index.php?rest_route=\/wp\/v2\/posts\/14238\/revisions\/14253"}],"wp:featuredmedia":[{"embeddable":true,"href":"https:\/\/www.spvgg-quierschied.de\/index.php?rest_route=\/wp\/v2\/media\/5311"}],"wp:attachment":[{"href":"https:\/\/www.spvgg-quierschied.de\/index.php?rest_route=%2Fwp%2Fv2%2Fmedia&parent=14238"}],"wp:term":[{"taxonomy":"category","embeddable":true,"href":"https:\/\/www.spvgg-quierschied.de\/index.php?rest_route=%2Fwp%2Fv2%2Fcategories&post=14238"},{"taxonomy":"post_tag","embeddable":true,"href":"https:\/\/www.spvgg-quierschied.de\/index.php?rest_route=%2Fwp%2Fv2%2Ftags&post=14238"}],"curies":[{"name":"wp","href":"https:\/\/api.w.org\/{rel}","templated":true}]}}