{"id":14227,"date":"2016-02-28T16:54:53","date_gmt":"2016-02-28T15:54:53","guid":{"rendered":"http:\/\/www.spvgg-quierschied.de\/?p=14227"},"modified":"2016-02-29T16:12:13","modified_gmt":"2016-02-29T15:12:13","slug":"starker-auftritt-beim-tabellenfuehrer","status":"publish","type":"post","link":"https:\/\/www.spvgg-quierschied.de\/?p=14227","title":{"rendered":"Starker Auftritt beim Tabellenf\u00fchrer"},"content":{"rendered":"<p><strong>Dank eines starken Auftritts am Sonntagmittag wahrt unsere 3. Mannschaft den Kontakt zur Tabellenspitze der Kreisliga B Saarbr\u00fccken. Beim Tabellenf\u00fchrer 1. FC Riegelsberg III setzte sich das Team von Thommy Nawrath verdient mit 3:2 (0:1) durch.<\/strong><\/p>\n<p>Von Beginn an war es die ersatzgeschw\u00e4chte, aber mit Spielern der A-Jugend aufgef\u00fcllte Quierschieder Mannschaft, die das Spiel bestimmte. Auf dem neuen Kunstrasenplatz in Riegelsberg erspielte sie sich immer wieder Torraumszenen, erwies sich aber in manch vielversprechender Situation zu wenig kaltschn\u00e4uzig. Bestraft wurde die Fahrl\u00e4ssigkeit noch vor der Pause mit dem 1:0 f\u00fcr die Gastgeber. Davon unbeeindruckt kam unsere Elf hochmotiviert aus der Kabine und zum verdienten Ausgleich. Einen Steilpass von Sebastian Zenner verwertete Yanik Willberger sicher mit einem strammen Schuss in den Winkel zum 1:1. Wenig sp\u00e4ter schn\u00fcrte Willberger bei seinem Aktiven-Deb\u00fct sogar einen Doppelpack, als er nach einem langen Pass von Nic Gouverneur das 2:1 erzielte und damit die Partie drehte. Auch Alexander Therre durfte sich bei seinem ersten Auftritt als Aktiver in die Torsch\u00fctzenliste eintragen. Nach seiner Einwechslung nutzte einen Querpass von Willberger, der wiederum von Julian Schank in Szene gesetzt wurde, zum 3:1. Der hochverdiente Sieg wurde auch durch den 3:2-Anschlusstreffer nicht getr\u00fcbt, nachdem der Schiedsrichter unmittelbar zum Schlusspfiff ansetzte.<\/p>\n<p>Schafft es unsere Dritte, solche Leistungen in jedem Spiel abzurufen &#8211; insbesondere in der Abwehr &#8211; dann ist in dieser Saison auch mit Blick auf die Tabellenspitze noch alles m\u00f6glich. Gl\u00fcckwunsch und weiter so, Jungs!<\/p>\n","protected":false},"excerpt":{"rendered":"<p>Dank eines starken Auftritts am Sonntagmittag wahrt unsere 3. Mannschaft den Kontakt zur Tabellenspitze der Kreisliga B Saarbr\u00fccken. Beim Tabellenf\u00fchrer 1. FC Riegelsberg III setzte sich das Team von Thommy Nawrath verdient mit 3:2 (0:1) durch. Von Beginn an war&hellip;<\/p>\n<p class=\"more-link-p\"><a class=\"more-link\" href=\"https:\/\/www.spvgg-quierschied.de\/?p=14227\">Read more &rarr;<\/a><\/p>\n","protected":false},"author":1,"featured_media":0,"comment_status":"closed","ping_status":"closed","sticky":false,"template":"","format":"standard","meta":{"footnotes":""},"categories":[10],"tags":[],"class_list":["post-14227","post","type-post","status-publish","format-standard","hentry","category-3-mannschaft"],"_links":{"self":[{"href":"https:\/\/www.spvgg-quierschied.de\/index.php?rest_route=\/wp\/v2\/posts\/14227","targetHints":{"allow":["GET"]}}],"collection":[{"href":"https:\/\/www.spvgg-quierschied.de\/index.php?rest_route=\/wp\/v2\/posts"}],"about":[{"href":"https:\/\/www.spvgg-quierschied.de\/index.php?rest_route=\/wp\/v2\/types\/post"}],"author":[{"embeddable":true,"href":"https:\/\/www.spvgg-quierschied.de\/index.php?rest_route=\/wp\/v2\/users\/1"}],"replies":[{"embeddable":true,"href":"https:\/\/www.spvgg-quierschied.de\/index.php?rest_route=%2Fwp%2Fv2%2Fcomments&post=14227"}],"version-history":[{"count":1,"href":"https:\/\/www.spvgg-quierschied.de\/index.php?rest_route=\/wp\/v2\/posts\/14227\/revisions"}],"predecessor-version":[{"id":14228,"href":"https:\/\/www.spvgg-quierschied.de\/index.php?rest_route=\/wp\/v2\/posts\/14227\/revisions\/14228"}],"wp:attachment":[{"href":"https:\/\/www.spvgg-quierschied.de\/index.php?rest_route=%2Fwp%2Fv2%2Fmedia&parent=14227"}],"wp:term":[{"taxonomy":"category","embeddable":true,"href":"https:\/\/www.spvgg-quierschied.de\/index.php?rest_route=%2Fwp%2Fv2%2Fcategories&post=14227"},{"taxonomy":"post_tag","embeddable":true,"href":"https:\/\/www.spvgg-quierschied.de\/index.php?rest_route=%2Fwp%2Fv2%2Ftags&post=14227"}],"curies":[{"name":"wp","href":"https:\/\/api.w.org\/{rel}","templated":true}]}}