{"id":1391,"date":"2011-10-21T11:33:46","date_gmt":"2011-10-21T11:33:46","guid":{"rendered":"http:\/\/www.spvgg-quierschied.de\/?p=1391"},"modified":"2011-10-23T08:39:06","modified_gmt":"2011-10-23T08:39:06","slug":"walpershofen-und-eschringen-gastieren-beim-heimspiel-sonntag","status":"publish","type":"post","link":"https:\/\/www.spvgg-quierschied.de\/?p=1391","title":{"rendered":"Walpershofen und Eschringen gastieren am Heimspiel-Sonntag"},"content":{"rendered":"<p><a href=\"https:\/\/www.spvgg-quierschied.de\/wp-content\/uploads\/2011\/10\/Wappen-Walpershofen.bmp\"><img decoding=\"async\" class=\"alignleft size-full wp-image-1393\" src=\"https:\/\/www.spvgg-quierschied.de\/wp-content\/uploads\/2011\/10\/Wappen-Walpershofen.bmp\" alt=\"\" \/><\/a>Am Sonntag stehen wieder 3 Heimspiele unserer Aktiven-Mannschaften an. Unsere <strong>2. Mannschaft<\/strong> bekommt es<strong> um 13:15 Uhr<\/strong> mit der Zweiten des SV Walpershofen zu tun. Anschlie\u00dfend spielt unserere<strong> 1. Mannschaft um 15:00 Uhr<\/strong> gegen die erste Garnitur\u00a0 von Walpershofen. <strong>Um 16:45 Uhr<\/strong> darf dann unsere<strong> 3. Mannschaft<\/strong> ran, es geht gegen den TuS Eschringen.<\/p>\n<p>Der Gegner unserer 1. Mannschaft, SV Walpershofen steht derzeit auf dem dem 7. Platz der Bezirksliga Saarbr\u00fccken. Das Team von Trainer Pascal Mallon erwischte einen tollen Start in die Runde und mischt seit Saisonbeginn unter den besten Teams der Liga mit. Zuletzt rutschte Walpershofen jedoch etwas ab. Die letzten 3 Spiele konnten nicht gewonnen werden. Nach einer 1:6 Klatsche beim ATSV Saarbr\u00fccken folgte ein 1:1 in Hanweiler. Entt\u00e4uschend dann die letzte Niederlage auf heimischen Boden, als man dem SC Bliesransbach mit 2:3 unterlag.<\/p>\n<p>Unsere Mannschaft darf nach zwei Ausw\u00e4rtsspielen in Folge wieder auf dem eigenen Platz ran. Die knappe 1:2 Niederlage im Spitzenspiel beim AFC hat die Woll-Elf unter der Trainingswoche gut weggesteckt und so liegt der Fokus ganz auf dem kommenden Heimspiel. Mit einem Sieg m\u00f6chte man einen unmittelbaren Verfolger um die Pl\u00e4tze zur neuen Landesliga erst einmal absch\u00fctteln. Personell kann Markus Woll au\u00dfer dem langzeitverletzten Kevin Schaum auf seinen kompletten Kader zur\u00fcckgreifen. Auch Oliver Wirth und Erik Heckmann stehen nach ihrem Urlaub wieder zur Verf\u00fcgung, sodass Spielertrainer Markus Woll die Qual der Wahl hat, welche Aufstellung er ins Rennen schicken wird.<\/p>\n<p>Unsere 2. Mannschaft empf\u00e4ngt am Sonntag den Tabellenvierten SV Walpershofen II. Nachdem man am letzten Spieltag aufgrund der Spielabsage durch den AFC kampflos die Punkte gutgeschrieben bekam, m\u00f6chte man nun selbst wieder f\u00fcr einen Dreier sorgen. Derzeit steht man einen Rang hinter Walpershofen. Der R\u00fcckstand betr\u00e4gt 5 Punkte und so kann man mit einem Heimsieg wieder an den Gegner und die Spitzengruppe aufschlie\u00dfen. Dies sollte das Ziel unserer Zweiten sein.<\/p>\n<p><strong>Mehr Informationen zum Gegner unter:<\/strong> <a href=\"http:\/\/www.svwalpershofen.de\" target=\"_blank\">www.svwalpershofen.de<br \/>\n<\/a><\/p>\n<h1>Dritte empf\u00e4ngt Eschringen<\/h1>\n<p><a href=\"https:\/\/www.spvgg-quierschied.de\/wp-content\/uploads\/2011\/10\/Wappen-Eschring.1.jpg\"><img loading=\"lazy\" decoding=\"async\" class=\"alignleft size-full wp-image-1396\" src=\"https:\/\/www.spvgg-quierschied.de\/wp-content\/uploads\/2011\/10\/Wappen-Eschring.1.jpg\" alt=\"\" width=\"118\" height=\"111\" \/><\/a>Der TuS Eschringen nimmt seit dieser Saison wieder am Spielbetrieb teil. Nachdem man vor einigen Jahren seine Mannschaft zur\u00fcckzog meldete der TuS in dieser Saison wieder eine Mannschaft in der Kreisliga A Obere Saar. Aktuell belegt Eschringen mit 14 Punkten den 12. Platz.<\/p>\n<p>Punktgleich aber aufgrund der Spielabsage in Fischbach mit einem Spiel weniger, steht unsere 3. Mannschaft derzeit auf Platz 10. Um einen Platz im vorderen Mittelfeld anstreben zu k\u00f6nnen ben\u00f6tigt man am Sonntag unbedingt einen Heimsieg. Aufgrund der Tatsache das der Ersten fast alle Spieler wieder zur Verf\u00fcgung stehen kann Trainer Marco Molter wohl auf seine bestm\u00f6gliche Mannschaft zur\u00fcckgreifen.<\/p>\n<p>Mehr Informationen zum Gegner unter: <a href=\"http:\/\/www.tus.eschringen.de\" target=\"_blank\">www.tus.eschringen.de<\/a><\/p>\n","protected":false},"excerpt":{"rendered":"<p>Am Sonntag stehen wieder 3 Heimspiele unserer Aktiven-Mannschaften an. Unsere 2. Mannschaft bekommt es um 13:15 Uhr mit der Zweiten des SV Walpershofen zu tun. Anschlie\u00dfend spielt unserere 1. Mannschaft um 15:00 Uhr gegen die erste Garnitur\u00a0 von Walpershofen. Um&hellip;<\/p>\n<p class=\"more-link-p\"><a class=\"more-link\" href=\"https:\/\/www.spvgg-quierschied.de\/?p=1391\">Read more &rarr;<\/a><\/p>\n","protected":false},"author":4,"featured_media":1393,"comment_status":"open","ping_status":"open","sticky":false,"template":"","format":"standard","meta":{"footnotes":""},"categories":[5],"tags":[],"class_list":["post-1391","post","type-post","status-publish","format-standard","has-post-thumbnail","hentry","category-aktive"],"_links":{"self":[{"href":"https:\/\/www.spvgg-quierschied.de\/index.php?rest_route=\/wp\/v2\/posts\/1391","targetHints":{"allow":["GET"]}}],"collection":[{"href":"https:\/\/www.spvgg-quierschied.de\/index.php?rest_route=\/wp\/v2\/posts"}],"about":[{"href":"https:\/\/www.spvgg-quierschied.de\/index.php?rest_route=\/wp\/v2\/types\/post"}],"author":[{"embeddable":true,"href":"https:\/\/www.spvgg-quierschied.de\/index.php?rest_route=\/wp\/v2\/users\/4"}],"replies":[{"embeddable":true,"href":"https:\/\/www.spvgg-quierschied.de\/index.php?rest_route=%2Fwp%2Fv2%2Fcomments&post=1391"}],"version-history":[{"count":7,"href":"https:\/\/www.spvgg-quierschied.de\/index.php?rest_route=\/wp\/v2\/posts\/1391\/revisions"}],"predecessor-version":[{"id":1437,"href":"https:\/\/www.spvgg-quierschied.de\/index.php?rest_route=\/wp\/v2\/posts\/1391\/revisions\/1437"}],"wp:featuredmedia":[{"embeddable":true,"href":"https:\/\/www.spvgg-quierschied.de\/index.php?rest_route=\/wp\/v2\/media\/1393"}],"wp:attachment":[{"href":"https:\/\/www.spvgg-quierschied.de\/index.php?rest_route=%2Fwp%2Fv2%2Fmedia&parent=1391"}],"wp:term":[{"taxonomy":"category","embeddable":true,"href":"https:\/\/www.spvgg-quierschied.de\/index.php?rest_route=%2Fwp%2Fv2%2Fcategories&post=1391"},{"taxonomy":"post_tag","embeddable":true,"href":"https:\/\/www.spvgg-quierschied.de\/index.php?rest_route=%2Fwp%2Fv2%2Ftags&post=1391"}],"curies":[{"name":"wp","href":"https:\/\/api.w.org\/{rel}","templated":true}]}}