{"id":13533,"date":"2015-11-13T09:05:31","date_gmt":"2015-11-13T08:05:31","guid":{"rendered":"http:\/\/www.spvgg-quierschied.de\/?p=13533"},"modified":"2015-11-13T12:30:46","modified_gmt":"2015-11-13T11:30:46","slug":"erste-am-samstag-in-klarenthal-zweite-und-dritte-sonntag-bei-tuerkiyem","status":"publish","type":"post","link":"https:\/\/www.spvgg-quierschied.de\/?p=13533","title":{"rendered":"Erste am Samstag in Klarenthal &#8211; Zweite und Dritte Sonntag bei T\u00fcrkiyem"},"content":{"rendered":"<p><a href=\"https:\/\/www.spvgg-quierschied.de\/wp-content\/uploads\/2014\/10\/SV-Klarenthal-Logo.jpg\"><img loading=\"lazy\" decoding=\"async\" class=\"size-full wp-image-10267 alignright\" src=\"https:\/\/www.spvgg-quierschied.de\/wp-content\/uploads\/2014\/10\/SV-Klarenthal-Logo.jpg\" alt=\"SV Klarenthal Logo\" width=\"160\" height=\"160\" srcset=\"https:\/\/www.spvgg-quierschied.de\/wp-content\/uploads\/2014\/10\/SV-Klarenthal-Logo.jpg 160w, https:\/\/www.spvgg-quierschied.de\/wp-content\/uploads\/2014\/10\/SV-Klarenthal-Logo-150x150.jpg 150w\" sizes=\"auto, (max-width: 160px) 100vw, 160px\" \/><\/a>Bereits am <strong>Samstag<\/strong> spielt unsere 1. Mannschaft beim Tabellenletzten SV Klarenthal. Ansto\u00df in Klarenthal ist um <strong>16:00 Uhr<\/strong>. Nachdem in Klarenthal auch in dieser Saison Chaos herrscht und das Spiel letzte Woche in Perl-Besch abgesagt wurde, darf man gespannt sein mit welcher Elf der SVK antreten wird. F\u00fcr unsere Wambe sollte es nach der unn\u00f6tigen Heimniederlage gegen Bous auf alle F\u00e4lle ein deutlicher Sieg zum Abschluss der Hinrunde werden.<\/p>\n<p>Unsere 2. und 3. Mannschaft spielen <strong>am Sonntag<\/strong> beim FC T\u00fcrkiyem Sulzbach. Die Spiele werden auf dem <strong>Kunstrasen<\/strong> <strong>in H\u00fchnerfeld <\/strong>ausgetragen. Die 2. Mannschaft spielt um 14:30\u00a0Uhr gegen den Tabellenzw\u00f6lften. Die 3. Mannschaft spielt schon um 12:45 Uhr, dabei tritt sie als derzeitiger Dritter beim Tabellenzweiten an.<\/p>\n<p>Aus zeitlichen Gr\u00fcnden war f\u00fcr diesen Spieltag kein ausf\u00fchrlicherer Vorbericht m\u00f6glich.1<\/p>\n","protected":false},"excerpt":{"rendered":"<p>Bereits am Samstag spielt unsere 1. Mannschaft beim Tabellenletzten SV Klarenthal. Ansto\u00df in Klarenthal ist um 16:00 Uhr. Nachdem in Klarenthal auch in dieser Saison Chaos herrscht und das Spiel letzte Woche in Perl-Besch abgesagt wurde, darf man gespannt sein&hellip;<\/p>\n<p class=\"more-link-p\"><a class=\"more-link\" href=\"https:\/\/www.spvgg-quierschied.de\/?p=13533\">Read more &rarr;<\/a><\/p>\n","protected":false},"author":4,"featured_media":10267,"comment_status":"closed","ping_status":"closed","sticky":false,"template":"","format":"standard","meta":{"footnotes":""},"categories":[5],"tags":[],"class_list":["post-13533","post","type-post","status-publish","format-standard","has-post-thumbnail","hentry","category-aktive"],"_links":{"self":[{"href":"https:\/\/www.spvgg-quierschied.de\/index.php?rest_route=\/wp\/v2\/posts\/13533","targetHints":{"allow":["GET"]}}],"collection":[{"href":"https:\/\/www.spvgg-quierschied.de\/index.php?rest_route=\/wp\/v2\/posts"}],"about":[{"href":"https:\/\/www.spvgg-quierschied.de\/index.php?rest_route=\/wp\/v2\/types\/post"}],"author":[{"embeddable":true,"href":"https:\/\/www.spvgg-quierschied.de\/index.php?rest_route=\/wp\/v2\/users\/4"}],"replies":[{"embeddable":true,"href":"https:\/\/www.spvgg-quierschied.de\/index.php?rest_route=%2Fwp%2Fv2%2Fcomments&post=13533"}],"version-history":[{"count":6,"href":"https:\/\/www.spvgg-quierschied.de\/index.php?rest_route=\/wp\/v2\/posts\/13533\/revisions"}],"predecessor-version":[{"id":13539,"href":"https:\/\/www.spvgg-quierschied.de\/index.php?rest_route=\/wp\/v2\/posts\/13533\/revisions\/13539"}],"wp:featuredmedia":[{"embeddable":true,"href":"https:\/\/www.spvgg-quierschied.de\/index.php?rest_route=\/wp\/v2\/media\/10267"}],"wp:attachment":[{"href":"https:\/\/www.spvgg-quierschied.de\/index.php?rest_route=%2Fwp%2Fv2%2Fmedia&parent=13533"}],"wp:term":[{"taxonomy":"category","embeddable":true,"href":"https:\/\/www.spvgg-quierschied.de\/index.php?rest_route=%2Fwp%2Fv2%2Fcategories&post=13533"},{"taxonomy":"post_tag","embeddable":true,"href":"https:\/\/www.spvgg-quierschied.de\/index.php?rest_route=%2Fwp%2Fv2%2Ftags&post=13533"}],"curies":[{"name":"wp","href":"https:\/\/api.w.org\/{rel}","templated":true}]}}