{"id":12678,"date":"2015-08-20T13:12:08","date_gmt":"2015-08-20T11:12:08","guid":{"rendered":"http:\/\/www.spvgg-quierschied.de\/?p=12678"},"modified":"2015-08-20T17:03:29","modified_gmt":"2015-08-20T15:03:29","slug":"erster-kompletter-heimspieltag-der-saison","status":"publish","type":"post","link":"https:\/\/www.spvgg-quierschied.de\/?p=12678","title":{"rendered":"Erster kompletter Heimspieltag der Saison"},"content":{"rendered":"<p><strong>Am kommenden Sonntag spielen alle drei Aktiven-Mannschaften zuhause. Die Zweite und Dritte empfangen den FC Riegelsberg am Franzenhaus (Ansto\u00df: 13:15\/15:00 Uhr). Die Erste bekommt es mit dem Neuling aus Rehlingen zu tun (16:45 Uhr).<\/strong><\/p>\n<h3><span style=\"color: #339966\"><strong><u>3.Spieltag Verbandsliga S\u00fcdwest So. 23.08.2015, 16:45 Uhr Spvgg Quierschied \u2013 SG Rehlingen-Fremersdorf<\/u><\/strong><\/span><a href=\"https:\/\/www.fupa.net\/spielberichte\/spvgg-quierschied-sg-rehlingen-fremersdorf-2427270.html\" target=\"_blank\"><span style=\"color: #ff0000\"><strong> <u>Liveticker zum Spiel<\/u><\/strong><\/span><\/a><\/h3>\n<p><strong><img loading=\"lazy\" decoding=\"async\" class=\"  wp-image-12680 alignright\" src=\"https:\/\/www.spvgg-quierschied.de\/wp-content\/uploads\/2015\/08\/sg-rehlingen-fremersdorf-300x300.png\" alt=\"sg-rehlingen-fremersdorf\" width=\"107\" height=\"107\" \/>Spielort:<\/strong> Kunstrasenplatz am Franzenhaus<\/p>\n<p><strong>Spvgg:<\/strong>\u00a0Nach den ersten beiden Spielen muss man feststellen, dass die gro\u00dfe St\u00e4rke unserer Mannschaft wie in der vergangenen Saison\u00a0in der Offensive liegt. 8 geschossene Toren in zwei Spielen sind mehr als anst\u00e4ndig, unsere Elf wird jeder Defensive dieser Liga Probleme bereiten k\u00f6nnen. Die Wambe verf\u00fcgen \u00fcber zahlreiche torgef\u00e4hrliche Spieler, die Gegner m\u00fcssen genau \u00fcberlegen wie sie sich darauf einstellen. In der Defensive muss man zulegen, die Gegentore gegen P\u00fcttlingen und Beaumarais fielen zu einfach. Dort wird Trainer Markus Woll den Hebel ansetzen, sodass auch hier das Gleichgewicht irgendwann stimmen sollte. Einige Spieler gingen bereits in Beaumarais angeschlagen ins Spiel, sodass es gar nicht unrecht kam, dass die Pokalpartie am Dienstag abgesagt wurde. So konnten kleinere Wehwechen auskuriert werden um am Sonntag mit einer starken Elf aufzulaufen.<\/p>\n<p><strong>SG Rehlingen-Fremersdorf:<\/strong> Der Aufsteiger wird derzeit von seiner Aufstiegseuphorie getragen. So konnte nach dem erfolgreichen Auftakt in Losheim (1:0 Sieg) auch beim Rehlinger Kirmesspiel vergangenen Samstag gegen die SG Perl-Besch (3:2) gewonnen werden. Dabei fiel der Siegtreffer kurz vor Schluss f\u00fcr den letztj\u00e4hrigen Meister der Landesliga-West. Trainiert wird die Spielgemeinschaft von Spielertrainer Sebastian Kiefer. Unter der Woche musste die Spielgemeinschaft im Pokal in D\u00fcren-Bedersdorf antreten. Beim Bezirksligisten unterlag man mit 1:2.<\/p>\n<p><strong>Der Gegner im Netz:\u00a0<\/strong><a href=\"http:\/\/www.sfrehlingen.de\" target=\"_blank\">www.sfrehlingen.de<\/a><\/p>\n<p><strong>Letzte Saison:<\/strong> Der Gegner ist aus der Landesliga aufgestiegen, letzte Saison fand also kein Spiel zwischen den Teams statt.<\/p>\n<p><strong>Interessantes:<\/strong> Die Spielst\u00e4tte der SG Rehlingen-Fremersdorf ist neben dem Fu\u00dfball vor allem durch das j\u00e4hrlich stattfindende Leichtathletik-Event bekannt. Im Bungertstadion finden sich an Pfingsten immer mehrere Tausend Besucher zum Event der Extraklasse ein. Zudem fand in diesem Jahr das Pokalendspiel zwischen Elversberg und Homburg in Rehlingen statt.<\/p>\n<p><strong>Wer pfeift?<\/strong>\u00a0Angesetzt ist lt. fussball.de Herr Nicolas Scherer (SG Saubach).<\/p>\n<p>&nbsp;<\/p>\n<h3><span style=\"color: #339966\"><strong><u>3.Spieltag Bezirksliga SB So. 23.08.2015, 15:00 Uhr Spvgg Quierschied 2 \u2013 FC Riegelsberg 2 (13:15 Uhr Spvgg 3 \u2013 FC Riegelsberg 3)<\/u> <span style=\"color: #ff0000\"><a style=\"color: #ff0000\" href=\"https:\/\/www.fupa.net\/spielberichte\/spvgg-quierschied-1-fc-riegelsberg-2502877.html\" target=\"_blank\">Liveticker zum Spiel der 2. Mannschaft<\/a><\/span><\/strong><\/span><\/h3>\n<div id=\"attachment_1819\" style=\"width: 160px\" class=\"wp-caption alignright\"><a href=\"https:\/\/www.spvgg-quierschied.de\/wp-content\/uploads\/2011\/12\/Logo-1.-FC-Riegelsberg.gif\"><img loading=\"lazy\" decoding=\"async\" aria-describedby=\"caption-attachment-1819\" class=\"size-full wp-image-1819\" src=\"https:\/\/www.spvgg-quierschied.de\/wp-content\/uploads\/2011\/12\/Logo-1.-FC-Riegelsberg.gif\" alt=\"Quelle: Verein.\" width=\"150\" height=\"150\" \/><\/a><p id=\"caption-attachment-1819\" class=\"wp-caption-text\">Quelle: Verein.<\/p><\/div>\n<p><strong>Spielort:<\/strong> Kunstrasenplatz am Franzenhaus<\/p>\n<p><strong>Spvgg 2:<\/strong> Nat\u00fcrlich waren unsere Spieler nach der Niederlage in J\u00e4gersfreude angefressen. Doch es war eine Niederlage, die Mut machte. Auch dem vermeintlichen Topanw\u00e4rter auf die Meisterschaft konnte man Paroli bieten. Somit gehen unsere Jungs optimistisch in das Spiel am Sonntag. Doch Vorsicht: Der FCR darf keinesfalls auf die leichte Schulter genommen werden.<\/p>\n<p><strong>FC Riegelsberg:<\/strong> Die 2. Mannschaft des FCR wird von Axel Kleinfeld trainiert. Er m\u00f6chte die jungen Spieler bestm\u00f6glich ausbilden um an die 1. Mannschaft irgendwann abzugeben. Seit Jahren verf\u00fcgt Riegelsberg \u00fcber viele Talente aus der eigenen Jugend, sodass man sich auch am Sonntag auf einen jungen, hungrigen Gegner einstellen kann. Kleinfeld m\u00f6chte mit seinen Jungs in dieser Runde ein gewichtiges W\u00f6rtchen Vorne mitreden. In die Saison gestartet ist der FCR mit zwei dicken Brocken. Am ersten Spieltag unterlag Riegelsberg mit 1:4 beim starken SV Schnappach, letzte Woche gab es ein 1:1 gegen Emmersweiler.<\/p>\n<p><strong>Der Gegner im Netz:<\/strong>\u00a0<a href=\"http:\/\/www.fcriegelsberg.de\" target=\"_blank\">www.fcriegelsberg.de<\/a><\/p>\n<p><strong>Das Vorspiel: <\/strong>Um 13:15 Uhr erwartet unsere 3. Mannschaft die Dritte des FC Riegelsberg. Der Gegner hat bereits zwei Siege eingefahren und z\u00e4hlt zu den Meisterschaftskandidaten in der Kreisliga B. Ein echter Gradmesser f\u00fcr unsere Dritte, die am Sonntag in J\u00e4gersfreude ihr erstes Spiel erfolgreich absolvierte.<\/p>\n<p><strong>Interessantes:<\/strong>\u00a0In den Duellen der 1. Mannschaften zwischen Quierschied und Riegelsberg hatte unsere Spvgg im vergangenen Jahr die Nase Vorne. Beide Spiele konnten die Wambe gewinnen. Wir sind gespannt, wer bei den Reserveteams die Nase vorne haben wird.<\/p>\n<p><strong>Wer pfeift? <\/strong>Angesetzt ist laut fussball.de Herr Hartwig Reiber (SV Klarenthal).<\/p>\n<p>&nbsp;<\/p>\n<p style=\"text-align: center\"><span style=\"color: #ff0000\">Weiter Infos zum 3. Spieltag gibt es am Sonntag im Stadionheft\u00a0&#8222;Wambebl\u00e4ttche&#8220;.<\/span><\/p>\n<h4>Siehe auch: <a href=\"http:\/\/www.fupa.net\/liga\/verbandsliga_suedwest\" target=\"_blank\">Fupa<\/a><\/h4>\n<p>&nbsp;<\/p>\n","protected":false},"excerpt":{"rendered":"<p>Am kommenden Sonntag spielen alle drei Aktiven-Mannschaften zuhause. Die Zweite und Dritte empfangen den FC Riegelsberg am Franzenhaus (Ansto\u00df: 13:15\/15:00 Uhr). Die Erste bekommt es mit dem Neuling aus Rehlingen zu tun (16:45 Uhr). 3.Spieltag Verbandsliga S\u00fcdwest So. 23.08.2015, 16:45&hellip;<\/p>\n<p class=\"more-link-p\"><a class=\"more-link\" href=\"https:\/\/www.spvgg-quierschied.de\/?p=12678\">Read more &rarr;<\/a><\/p>\n","protected":false},"author":4,"featured_media":12680,"comment_status":"closed","ping_status":"closed","sticky":false,"template":"","format":"standard","meta":{"footnotes":""},"categories":[5],"tags":[],"class_list":["post-12678","post","type-post","status-publish","format-standard","has-post-thumbnail","hentry","category-aktive"],"_links":{"self":[{"href":"https:\/\/www.spvgg-quierschied.de\/index.php?rest_route=\/wp\/v2\/posts\/12678","targetHints":{"allow":["GET"]}}],"collection":[{"href":"https:\/\/www.spvgg-quierschied.de\/index.php?rest_route=\/wp\/v2\/posts"}],"about":[{"href":"https:\/\/www.spvgg-quierschied.de\/index.php?rest_route=\/wp\/v2\/types\/post"}],"author":[{"embeddable":true,"href":"https:\/\/www.spvgg-quierschied.de\/index.php?rest_route=\/wp\/v2\/users\/4"}],"replies":[{"embeddable":true,"href":"https:\/\/www.spvgg-quierschied.de\/index.php?rest_route=%2Fwp%2Fv2%2Fcomments&post=12678"}],"version-history":[{"count":15,"href":"https:\/\/www.spvgg-quierschied.de\/index.php?rest_route=\/wp\/v2\/posts\/12678\/revisions"}],"predecessor-version":[{"id":12701,"href":"https:\/\/www.spvgg-quierschied.de\/index.php?rest_route=\/wp\/v2\/posts\/12678\/revisions\/12701"}],"wp:featuredmedia":[{"embeddable":true,"href":"https:\/\/www.spvgg-quierschied.de\/index.php?rest_route=\/wp\/v2\/media\/12680"}],"wp:attachment":[{"href":"https:\/\/www.spvgg-quierschied.de\/index.php?rest_route=%2Fwp%2Fv2%2Fmedia&parent=12678"}],"wp:term":[{"taxonomy":"category","embeddable":true,"href":"https:\/\/www.spvgg-quierschied.de\/index.php?rest_route=%2Fwp%2Fv2%2Fcategories&post=12678"},{"taxonomy":"post_tag","embeddable":true,"href":"https:\/\/www.spvgg-quierschied.de\/index.php?rest_route=%2Fwp%2Fv2%2Ftags&post=12678"}],"curies":[{"name":"wp","href":"https:\/\/api.w.org\/{rel}","templated":true}]}}