{"id":12600,"date":"2015-08-12T15:14:31","date_gmt":"2015-08-12T13:14:31","guid":{"rendered":"http:\/\/www.spvgg-quierschied.de\/?p=12600"},"modified":"2015-08-13T14:17:22","modified_gmt":"2015-08-13T12:17:22","slug":"auswaertsspiele-am-wambefeschd-wochenende","status":"publish","type":"post","link":"https:\/\/www.spvgg-quierschied.de\/?p=12600","title":{"rendered":"Ausw\u00e4rtsspiele am Wambefeschd-Wochenende"},"content":{"rendered":"<p><strong>Unsere Aktiven haben am Sonntag ihre\u00a0ersten Ausw\u00e4rtsspiele\u00a0vor der Brust. Am Wambefeschd-Wochenende spielt die 1. Mannschaft in Beaumarais (15:00 Uhr). Die 2. und 3. Mannschaft gastieren beim TuS J\u00e4gersfreude (13:15\/15:00 Uhr). Auch ausw\u00e4rts hoffen die Teams auf\u00a0die Unterst\u00fctzung ihres\u00a0&#8222;12. Manns&#8220; &#8211; den Fans aus Quierschied.<\/strong><\/p>\n<h3><span style=\"color: #339966;text-decoration: underline\"><strong>2. Spieltag Verbandsliga S\u00fcdwest So. 16.08.2015, 15:00 Uhr TuS Beaumarais &#8211; Spvgg Quierschied<\/strong><\/span><span style=\"color: #ff0000\"><strong> <a style=\"color: #ff0000\" href=\"https:\/\/www.fupa.net\/spielberichte\/tus-beaumarais-spvgg-quierschied-2427256.html\" target=\"_blank\">Liveticker zum Spiel<\/a><\/strong><\/span><\/h3>\n<p><strong><a href=\"https:\/\/www.spvgg-quierschied.de\/wp-content\/uploads\/2014\/10\/TuS-Beaumarais-Wappen.png\"><img loading=\"lazy\" decoding=\"async\" class=\" size-full wp-image-10192 alignright\" src=\"https:\/\/www.spvgg-quierschied.de\/wp-content\/uploads\/2014\/10\/TuS-Beaumarais-Wappen.png\" alt=\"TuS Beaumarais Wappen\" width=\"100\" height=\"130\" \/><\/a>Spielort:<\/strong> Kunstrasenplatz, An den Friedenslinden, 66740 Saarlouis-Beaumarais<\/p>\n<p><strong>Spvgg:<\/strong>\u00a0Unsere Jungs sind mit einem wichtigen Dreier in die neue Saison\u00a0gestartet. Die erste Halbzeit gegen P\u00fcttlingen war sehr ansprechend, die zweite dagegen eine Warnung das es mit angezogener Handbremse gegen jeden Gegner schwierig wird. Hinter dem ein oder anderen angeschlagenen\u00a0Akteur steht f\u00fcr\u00b4s Wochenende ein Fragezeichen, sodass man abwarten muss welches Personal am Sonntag zur Verf\u00fcgung stehen wird. Erfreulicherweise ist Angreifer Nils Welter diese Woche ins Training zur\u00fcckgekehrt. Unsere Mannschaft m\u00f6chte in der Fremde endlich konstanter werden. Mit diesem Vorhaben soll am Sonntag m\u00f6glichst begonnen werden. Zudem m\u00f6chte man etwas mitnehmen um sich gleich im vorderen Drittel der Tabelle festzusetzen.<\/p>\n<p><strong>TuS Beaumarais:<\/strong> Die Mannschaft\u00a0des erfahrenen Trainers Werner Wei\u00df (u.a. Eintr. Trier, R\u00f6chling VK, Bor. Neunkirchen) startete am Sonntag mit einer 1:4 Niederlage in Perl-Besch. Gegen die Spvgg ist der TuS somit unter Druck um nicht einen klassischen Fehlstart zu erleben. Mit Michael Ogrodniczek hat Beaumarais vor der Saison einen\u00a0namenhaften Abwehrspieler vom Oberligisten R\u00f6chling V\u00f6lklingen an Land gezogen. Dieser bestritt in der vergangenen Saison 29 Oberligaspiele. Als Saisonziel hat sich der TuS eine bessere Platzierung als in der letzten Saison gesteckt (Platz 9.).<\/p>\n<div id=\"attachment_11772\" style=\"width: 310px\" class=\"wp-caption aligncenter\"><a href=\"https:\/\/www.spvgg-quierschied.de\/wp-content\/uploads\/2015\/04\/Erste-bei-TuS-Beaumarais-26.04.2015-1.jpg\"><img loading=\"lazy\" decoding=\"async\" aria-describedby=\"caption-attachment-11772\" class=\"wp-image-11772 size-medium\" src=\"https:\/\/www.spvgg-quierschied.de\/wp-content\/uploads\/2015\/04\/Erste-bei-TuS-Beaumarais-26.04.2015-1-300x157.jpg\" alt=\"Erste bei TuS Beaumarais 26.04.2015 1\" width=\"300\" height=\"157\" srcset=\"https:\/\/www.spvgg-quierschied.de\/wp-content\/uploads\/2015\/04\/Erste-bei-TuS-Beaumarais-26.04.2015-1-300x157.jpg 300w, https:\/\/www.spvgg-quierschied.de\/wp-content\/uploads\/2015\/04\/Erste-bei-TuS-Beaumarais-26.04.2015-1.jpg 750w\" sizes=\"auto, (max-width: 300px) 100vw, 300px\" \/><\/a><p id=\"caption-attachment-11772\" class=\"wp-caption-text\">Spielszene aus der letzten Saison, Beaumarais &#8211; Spvgg.<\/p><\/div>\n<p><strong>Der Gegner im Netz:\u00a0<\/strong><a href=\"http:\/\/www.tus-beaumarais.de\" target=\"_blank\">www.tus-beaumarais.de<\/a><\/p>\n<p><strong>Letzte Saison:<\/strong> Im <a href=\"https:\/\/www.spvgg-quierschied.de\/?p=10208\">Hinspiel<\/a> gewannen die Wambe mit 4:1 am Franzenhaus. Im <a href=\"https:\/\/www.spvgg-quierschied.de\/?p=11765\">R\u00fcckspiel<\/a> hatte der TuS mit einem 2:1 Sieg die Nase vorne.<\/p>\n<p><strong>Interessantes:<\/strong> Gutes Omen? Noch nie verlor die Spvgg in der \u00c4ra Woll ein Spiel am Wambefeschd (2010 3:1 Sieg in Altenwald, 2011 6:0 gegen DJK Rastpfuhl, 2012 2:2 in H\u00fchnerfeld, 2013 7:1 gegen SV R\u00f6chlingh\u00f6he, 2014 4:1 Sieg gegen Perl-Besch).<\/p>\n<p><strong>Wer pfeift?<\/strong>\u00a0Herr Pascal Frenzel aus Gersheim. Quelle: <a href=\"http:\/\/www.fussball.de\/\" target=\"_blank\">www.<\/a><a href=\"http:\/\/www.fussball.de\" target=\"_blank\">fussball.de<\/a><\/p>\n<p>&nbsp;<\/p>\n<h3><span style=\"color: #339966;text-decoration: underline\"><strong>2. Spieltag Bezirksliga SB So. 16.08.2015, 15:00 Uhr TuS\u00a0J\u00e4gersfreude &#8211; Spvgg Quierschied 2 (13:15 Uhr TuS J\u00e4gersfreude 2 &#8211; Spvgg 3)<\/strong><\/span><\/h3>\n<div id=\"attachment_5378\" style=\"width: 110px\" class=\"wp-caption alignright\"><a href=\"https:\/\/www.spvgg-quierschied.de\/wp-content\/uploads\/2012\/11\/Logo-TuS-J\u00e4gersfreude.jpg\"><img loading=\"lazy\" decoding=\"async\" aria-describedby=\"caption-attachment-5378\" class=\"size-full wp-image-5378\" src=\"https:\/\/www.spvgg-quierschied.de\/wp-content\/uploads\/2012\/11\/Logo-TuS-J\u00e4gersfreude.jpg\" alt=\"Quelle: www.dudweiler-blog.de\" width=\"100\" height=\"100\" \/><\/a><p id=\"caption-attachment-5378\" class=\"wp-caption-text\">Quelle: www.dudweiler-blog.de<\/p><\/div>\n<p><strong>Spielort:<\/strong> Kunstrasenplatz,\u00a0St. Johanner Stra\u00dfe, 66125 Saarbr\u00fccken-J\u00e4gersfreude<\/p>\n<p><strong>Spvgg 2:<\/strong> In der Liga angekommen! Gegen den\u00a0stark eingesch\u00e4tzten SC Altenkessel hat unsere Mannschaft bewiesen, dass sie in dieser Liga mithalten kann. Nun will man versuchen auch bei einem Topteam zu punkten.\u00a0Die Partie ist ein echter Gradmesser und wird zeigen, ob unsere Mannschaft auch ausw\u00e4rts so diszipliniert spielen kann wie gegen Altenkessel. Am Sonntag muss unsere Zweite ohne Markus Woll auskommen, da die Erste zeitgleich spielt.<\/p>\n<p><strong>TuS J\u00e4gersfreude:<\/strong> F\u00fcr viele ist der TuS J\u00e4gersfreude Aufstiegskandidat Nummer 1 in der Bezirksliga. Doch gleich am ersten Spieltag setzte es f\u00fcr die Mannschaft von Trainer Thorsten Remus eine Niederlage. In Emmersweiler unterlag der TuS mit 1:3. Im Angriff liegen die St\u00e4rken der J\u00e4gersfreuder. So besitzt man mit Ulas Celik, Umut Taskiran und Martin Kupny einige gute Fu\u00dfballer in seinen Reihen.<\/p>\n<p><strong>Der Gegner im Netz:<\/strong>\u00a0<a href=\"http:\/\/www.tusjaegersfreude.de\/\" target=\"_blank\">www.tusjaegersfreude.de <\/a><\/p>\n<p><strong>Das Vorspiel: <\/strong>W\u00e4hrend unsere 3. Mannschaft am Sonntag in die Saison startet, hatte die Reserve der J\u00e4gersfreuder bereits ein Pflichtspiel absolviert. Beim SV Emmersweiler 2 endete die Partie 0:0.<\/p>\n<p><strong>Interessantes:<\/strong>\u00a0Den letzten Auftritt unserer 2. Mannschaft in J\u00e4gersfreude gab es am 08.09.2013. Damals noch in der Kreisliga A Obere Saar. Die Spvgg gewann dabei mit 3:1.<\/p>\n<p><strong>Wer pfeift?<\/strong> Herr Hans-Werner Meister aus G\u00f6ttelborn. Quelle:\u00a0<a href=\"http:\/\/www.fussball.de\/\" target=\"_blank\">www.fussball.de<\/a><\/p>\n<p>&nbsp;<\/p>\n<p><strong>\u00a0<\/strong><\/p>\n","protected":false},"excerpt":{"rendered":"<p>Unsere Aktiven haben am Sonntag ihre\u00a0ersten Ausw\u00e4rtsspiele\u00a0vor der Brust. Am Wambefeschd-Wochenende spielt die 1. Mannschaft in Beaumarais (15:00 Uhr). Die 2. und 3. Mannschaft gastieren beim TuS J\u00e4gersfreude (13:15\/15:00 Uhr). Auch ausw\u00e4rts hoffen die Teams auf\u00a0die Unterst\u00fctzung ihres\u00a0&#8222;12. Manns&#8220; &#8211;&hellip;<\/p>\n<p class=\"more-link-p\"><a class=\"more-link\" href=\"https:\/\/www.spvgg-quierschied.de\/?p=12600\">Read more &rarr;<\/a><\/p>\n","protected":false},"author":4,"featured_media":10192,"comment_status":"closed","ping_status":"closed","sticky":false,"template":"","format":"standard","meta":{"footnotes":""},"categories":[5],"tags":[],"class_list":["post-12600","post","type-post","status-publish","format-standard","has-post-thumbnail","hentry","category-aktive"],"_links":{"self":[{"href":"https:\/\/www.spvgg-quierschied.de\/index.php?rest_route=\/wp\/v2\/posts\/12600","targetHints":{"allow":["GET"]}}],"collection":[{"href":"https:\/\/www.spvgg-quierschied.de\/index.php?rest_route=\/wp\/v2\/posts"}],"about":[{"href":"https:\/\/www.spvgg-quierschied.de\/index.php?rest_route=\/wp\/v2\/types\/post"}],"author":[{"embeddable":true,"href":"https:\/\/www.spvgg-quierschied.de\/index.php?rest_route=\/wp\/v2\/users\/4"}],"replies":[{"embeddable":true,"href":"https:\/\/www.spvgg-quierschied.de\/index.php?rest_route=%2Fwp%2Fv2%2Fcomments&post=12600"}],"version-history":[{"count":16,"href":"https:\/\/www.spvgg-quierschied.de\/index.php?rest_route=\/wp\/v2\/posts\/12600\/revisions"}],"predecessor-version":[{"id":12662,"href":"https:\/\/www.spvgg-quierschied.de\/index.php?rest_route=\/wp\/v2\/posts\/12600\/revisions\/12662"}],"wp:featuredmedia":[{"embeddable":true,"href":"https:\/\/www.spvgg-quierschied.de\/index.php?rest_route=\/wp\/v2\/media\/10192"}],"wp:attachment":[{"href":"https:\/\/www.spvgg-quierschied.de\/index.php?rest_route=%2Fwp%2Fv2%2Fmedia&parent=12600"}],"wp:term":[{"taxonomy":"category","embeddable":true,"href":"https:\/\/www.spvgg-quierschied.de\/index.php?rest_route=%2Fwp%2Fv2%2Fcategories&post=12600"},{"taxonomy":"post_tag","embeddable":true,"href":"https:\/\/www.spvgg-quierschied.de\/index.php?rest_route=%2Fwp%2Fv2%2Ftags&post=12600"}],"curies":[{"name":"wp","href":"https:\/\/api.w.org\/{rel}","templated":true}]}}