{"id":12528,"date":"2015-08-31T15:15:23","date_gmt":"2015-08-31T13:15:23","guid":{"rendered":"http:\/\/www.spvgg-quierschied.de\/?p=12528"},"modified":"2015-09-03T14:26:48","modified_gmt":"2015-09-03T12:26:48","slug":"110-jahre-spvgg-quierschied","status":"publish","type":"post","link":"https:\/\/www.spvgg-quierschied.de\/?p=12528","title":{"rendered":"110 Jahre Spvgg. Quierschied"},"content":{"rendered":"<p>&nbsp;<\/p>\n<p><a href=\"https:\/\/www.spvgg-quierschied.de\/wp-content\/uploads\/2015\/08\/SZ-02.09.15-110-Jahr-Feier.jpg\"><img loading=\"lazy\" decoding=\"async\" class=\"alignright size-full wp-image-12808\" src=\"https:\/\/www.spvgg-quierschied.de\/wp-content\/uploads\/2015\/08\/SZ-02.09.15-110-Jahr-Feier.jpg\" alt=\"SZ 02.09.15 110 Jahr Feier\" width=\"228\" height=\"1007\" srcset=\"https:\/\/www.spvgg-quierschied.de\/wp-content\/uploads\/2015\/08\/SZ-02.09.15-110-Jahr-Feier.jpg 228w, https:\/\/www.spvgg-quierschied.de\/wp-content\/uploads\/2015\/08\/SZ-02.09.15-110-Jahr-Feier-68x300.jpg 68w, https:\/\/www.spvgg-quierschied.de\/wp-content\/uploads\/2015\/08\/SZ-02.09.15-110-Jahr-Feier-226x999.jpg 226w, https:\/\/www.spvgg-quierschied.de\/wp-content\/uploads\/2015\/08\/SZ-02.09.15-110-Jahr-Feier-160x707.jpg 160w\" sizes=\"auto, (max-width: 228px) 100vw, 228px\" \/><\/a>Am kommenden Wochenende findet auf unserer Sportanlage am Franzenhaus die 110-Jahr Feier unserer Sportvereinigung statt. Zu diesem Jubil\u00e4um laden wir alle Mitglieder, Freunde, Partner, G\u00f6nner und Sponsoren recht herzlich ein. Im Mittelpunkt steht ein abwechslungsreiches sportliches Programm, dass am Samstagmorgen mit Jugendfu\u00dfball er\u00f6ffnet wird. H\u00f6hepunkt der Jugendfu\u00dfballspiele wird das erste Verbandsligaspiel der JSG Quierschied gegen den Regionalligaabsteiger JFG Saarlouis sein. Am Rande der Jugendspiele wird f\u00fcr die kleinen Kinder auch ein Unterhaltungsprogramm mit H\u00fcpfburg und Kinderschminken angeboten. Nach dem A-Jugendspiel findet der offizielle Fassanstich mit der Schirmherrin, B\u00fcrgermeisterin Karin Lawall sowie Pfarrer Michael M\u00fcller statt. Um 16:00 Uhr steigt auf dem neuen Naturrasenplatz das offizielle Er\u00f6ffnungsspiel einer Saar-Traditionsmannschaft gegen eine Quierschieder AH-Auswahl. Dabei werden mit Wolfgang Seel, Michael \u201eDoc\u201c Kr\u00e4tzer, Egon Schmitt, Catalin Racanel, Dimitri Papava, Nico Wei\u00dfman, Marco Dittgen, Nasko Jelev, J\u00f6rg Nehren, Heinz Histing, Egon Schmitt, Gottfried Peter, Hans Werner-Eichhorn und vielen mehr bekannte Gr\u00f6\u00dfen der saarl\u00e4ndischen Fu\u00dfballgeschichte am Franzenhaus erwartet, wovon einige auch noch selbst die Fu\u00dfballschuhe schn\u00fcren werden. Nach diesem Spiel auf dem Rasenplatz absolviert um 18:00 Uhr unsere 1. Mannschaft auf dem Kunstrasenplatz ihr Verbandsligaspiel gegen den SV Losheim. Danach gibt es ab 21:00 Uhr im Zelt Livemusik der Band <a href=\"http:\/\/www.redshoes-music.de\" target=\"_blank\">RedShoes. <\/a><\/p>\n<p>Der Sonntag wird mit einem Fr\u00fchschoppen er\u00f6ffnet, bei dem die Musikfreunde Quierschied ein musikalisches Rahmenprogramm bieten werden. Um 10.30 Uhr trifft unsere C-Jugend auf die DJK Rastpfuhl. Nach dem Mittagessen mit Spie\u00dfbraten und Kartoffelsalat kommt es zu den mit Spannung erwartenden Derbys unserer 2. und 3. Mannschaft und den Teams des SV Schnappach. Vor allem die Bezirksligabegegnung um 15:00 Uhr verspricht im Vorfeld eine interessante Partie. Ab 17:30 Uhr finden im Zelt Ehrungen verdienter Vereinsmitglieder statt, die von DJ Rudi musikalisch untermalt werden.<\/p>\n<p>An allen Tagen ist f\u00fcr Speis und Trank bestens gesorgt \u2013 wir freuen uns auf Eueren Besuch auf der Sportanlage am Franzenhaus!<\/p>\n<p><em>Nebenstehender Zeitungsbericht: Saarbr\u00fccker Zeitung vom 2.9.2015.<\/em><\/p>\n<p><a href=\"https:\/\/www.spvgg-quierschied.de\/wp-content\/uploads\/2015\/08\/Plakat-110-Jahrfeier-2015-Homepage.png\"><img loading=\"lazy\" decoding=\"async\" class=\"aligncenter size-full wp-image-12738\" src=\"https:\/\/www.spvgg-quierschied.de\/wp-content\/uploads\/2015\/08\/Plakat-110-Jahrfeier-2015-Homepage.png\" alt=\"Plakat 110 Jahrfeier 2015 Homepage\" width=\"531\" height=\"750\" srcset=\"https:\/\/www.spvgg-quierschied.de\/wp-content\/uploads\/2015\/08\/Plakat-110-Jahrfeier-2015-Homepage.png 531w, https:\/\/www.spvgg-quierschied.de\/wp-content\/uploads\/2015\/08\/Plakat-110-Jahrfeier-2015-Homepage-212x300.png 212w, https:\/\/www.spvgg-quierschied.de\/wp-content\/uploads\/2015\/08\/Plakat-110-Jahrfeier-2015-Homepage-260x367.png 260w, https:\/\/www.spvgg-quierschied.de\/wp-content\/uploads\/2015\/08\/Plakat-110-Jahrfeier-2015-Homepage-160x226.png 160w\" sizes=\"auto, (max-width: 531px) 100vw, 531px\" \/><\/a><\/p>\n<p>&nbsp;<\/p>\n<p>&nbsp;<\/p>\n<p>&nbsp;<\/p>\n","protected":false},"excerpt":{"rendered":"<p>&nbsp; Am kommenden Wochenende findet auf unserer Sportanlage am Franzenhaus die 110-Jahr Feier unserer Sportvereinigung statt. Zu diesem Jubil\u00e4um laden wir alle Mitglieder, Freunde, Partner, G\u00f6nner und Sponsoren recht herzlich ein. Im Mittelpunkt steht ein abwechslungsreiches sportliches Programm, dass am&hellip;<\/p>\n<p class=\"more-link-p\"><a class=\"more-link\" href=\"https:\/\/www.spvgg-quierschied.de\/?p=12528\">Read more &rarr;<\/a><\/p>\n","protected":false},"author":1,"featured_media":12738,"comment_status":"closed","ping_status":"closed","sticky":false,"template":"","format":"standard","meta":{"footnotes":""},"categories":[7],"tags":[],"class_list":["post-12528","post","type-post","status-publish","format-standard","has-post-thumbnail","hentry","category-vorstand"],"_links":{"self":[{"href":"https:\/\/www.spvgg-quierschied.de\/index.php?rest_route=\/wp\/v2\/posts\/12528","targetHints":{"allow":["GET"]}}],"collection":[{"href":"https:\/\/www.spvgg-quierschied.de\/index.php?rest_route=\/wp\/v2\/posts"}],"about":[{"href":"https:\/\/www.spvgg-quierschied.de\/index.php?rest_route=\/wp\/v2\/types\/post"}],"author":[{"embeddable":true,"href":"https:\/\/www.spvgg-quierschied.de\/index.php?rest_route=\/wp\/v2\/users\/1"}],"replies":[{"embeddable":true,"href":"https:\/\/www.spvgg-quierschied.de\/index.php?rest_route=%2Fwp%2Fv2%2Fcomments&post=12528"}],"version-history":[{"count":24,"href":"https:\/\/www.spvgg-quierschied.de\/index.php?rest_route=\/wp\/v2\/posts\/12528\/revisions"}],"predecessor-version":[{"id":12819,"href":"https:\/\/www.spvgg-quierschied.de\/index.php?rest_route=\/wp\/v2\/posts\/12528\/revisions\/12819"}],"wp:featuredmedia":[{"embeddable":true,"href":"https:\/\/www.spvgg-quierschied.de\/index.php?rest_route=\/wp\/v2\/media\/12738"}],"wp:attachment":[{"href":"https:\/\/www.spvgg-quierschied.de\/index.php?rest_route=%2Fwp%2Fv2%2Fmedia&parent=12528"}],"wp:term":[{"taxonomy":"category","embeddable":true,"href":"https:\/\/www.spvgg-quierschied.de\/index.php?rest_route=%2Fwp%2Fv2%2Fcategories&post=12528"},{"taxonomy":"post_tag","embeddable":true,"href":"https:\/\/www.spvgg-quierschied.de\/index.php?rest_route=%2Fwp%2Fv2%2Ftags&post=12528"}],"curies":[{"name":"wp","href":"https:\/\/api.w.org\/{rel}","templated":true}]}}