{"id":12372,"date":"2015-07-03T08:20:31","date_gmt":"2015-07-03T06:20:31","guid":{"rendered":"http:\/\/www.spvgg-quierschied.de\/?p=12372"},"modified":"2015-07-03T08:25:05","modified_gmt":"2015-07-03T06:25:05","slug":"ereignisreiches-heisses-wochenende-steht-bevor","status":"publish","type":"post","link":"https:\/\/www.spvgg-quierschied.de\/?p=12372","title":{"rendered":"Ereignisreiches, hei\u00dfes Wochenende steht bevor"},"content":{"rendered":"<div id=\"attachment_12350\" style=\"width: 235px\" class=\"wp-caption alignright\"><a href=\"https:\/\/www.spvgg-quierschied.de\/wp-content\/uploads\/2015\/06\/EO3NRHW6.jpg\"><img loading=\"lazy\" decoding=\"async\" aria-describedby=\"caption-attachment-12350\" class=\"wp-image-12350 size-medium\" src=\"https:\/\/www.spvgg-quierschied.de\/wp-content\/uploads\/2015\/06\/EO3NRHW6-225x300.jpg\" alt=\"Trainingsauftakt 26.06.2015 8\" width=\"225\" height=\"300\" srcset=\"https:\/\/www.spvgg-quierschied.de\/wp-content\/uploads\/2015\/06\/EO3NRHW6-225x300.jpg 225w, https:\/\/www.spvgg-quierschied.de\/wp-content\/uploads\/2015\/06\/EO3NRHW6.jpg 600w\" sizes=\"auto, (max-width: 225px) 100vw, 225px\" \/><\/a><p id=\"caption-attachment-12350\" class=\"wp-caption-text\">Wie hier bei Christian Meiser im Training, wird bei den hochsommerlichen Temperaturen am Wochenende des \u00d6fteren eine Abk\u00fchlung f\u00fcr unsere Jungs von N\u00f6ten sein.<\/p><\/div>\n<p><strong>An diesem Wochenende setzt sich das hochsommerliche Wetter fort. F\u00fcr unsere Aktiven ist schwitzen angesagt. Denn sowohl unserer 1. Mannschaft, als auch unserer 2. und 3. Mannschaft stehen drei intensive Tage bevor.<\/strong><\/p>\n<p>Der erweiterte Verbandsliga-Kader gastiert von Freitag bis Sonntag an der Saarbr\u00fccker Sportschule. Dabei stehen neben zahlreichen Einheiten auch organisatorische Dinge f\u00fcr die Saison sowie einige Aktivit\u00e4ten in Sachen Teambuilding an. Trainer Markus Woll wird dabei nat\u00fcrlich eine dem Wetter angepassten gesunde Dosierung der Einheiten vornehmen. Den Abschluss dieser drei Tage bildet ein Testspiel am Sonntag um 15:00 Uhr beim FC Neuweiler (Rasenplatz).<\/p>\n<p>Unsere 2. und 3. Mannschaft absolvieren ein &#8222;Intensiv-Wochenende&#8220; am Franzenhaus. Neu-Coach Dirk Gro\u00df bittet seine Jungs zu zahlreichen Einheiten, zudem stehen bei dem dreit\u00e4gigen Programm Testspiele auf der Agenda. So spielt die Zweite am Samstag um 14:00 Uhr zuhause gegen den SV Illingen. Am Sonntag fahren unsere Jungs dann nach Heiligenwald. Dort spielt um 13:15 Uhr die 3. Mannschaft und um 15:00 Uhr die 2. Mannschaft.<\/p>\n","protected":false},"excerpt":{"rendered":"<p>An diesem Wochenende setzt sich das hochsommerliche Wetter fort. F\u00fcr unsere Aktiven ist schwitzen angesagt. Denn sowohl unserer 1. Mannschaft, als auch unserer 2. und 3. Mannschaft stehen drei intensive Tage bevor. Der erweiterte Verbandsliga-Kader gastiert von Freitag bis Sonntag&hellip;<\/p>\n<p class=\"more-link-p\"><a class=\"more-link\" href=\"https:\/\/www.spvgg-quierschied.de\/?p=12372\">Read more &rarr;<\/a><\/p>\n","protected":false},"author":4,"featured_media":12350,"comment_status":"closed","ping_status":"closed","sticky":false,"template":"","format":"standard","meta":{"footnotes":""},"categories":[5],"tags":[],"class_list":["post-12372","post","type-post","status-publish","format-standard","has-post-thumbnail","hentry","category-aktive"],"_links":{"self":[{"href":"https:\/\/www.spvgg-quierschied.de\/index.php?rest_route=\/wp\/v2\/posts\/12372","targetHints":{"allow":["GET"]}}],"collection":[{"href":"https:\/\/www.spvgg-quierschied.de\/index.php?rest_route=\/wp\/v2\/posts"}],"about":[{"href":"https:\/\/www.spvgg-quierschied.de\/index.php?rest_route=\/wp\/v2\/types\/post"}],"author":[{"embeddable":true,"href":"https:\/\/www.spvgg-quierschied.de\/index.php?rest_route=\/wp\/v2\/users\/4"}],"replies":[{"embeddable":true,"href":"https:\/\/www.spvgg-quierschied.de\/index.php?rest_route=%2Fwp%2Fv2%2Fcomments&post=12372"}],"version-history":[{"count":5,"href":"https:\/\/www.spvgg-quierschied.de\/index.php?rest_route=\/wp\/v2\/posts\/12372\/revisions"}],"predecessor-version":[{"id":12377,"href":"https:\/\/www.spvgg-quierschied.de\/index.php?rest_route=\/wp\/v2\/posts\/12372\/revisions\/12377"}],"wp:featuredmedia":[{"embeddable":true,"href":"https:\/\/www.spvgg-quierschied.de\/index.php?rest_route=\/wp\/v2\/media\/12350"}],"wp:attachment":[{"href":"https:\/\/www.spvgg-quierschied.de\/index.php?rest_route=%2Fwp%2Fv2%2Fmedia&parent=12372"}],"wp:term":[{"taxonomy":"category","embeddable":true,"href":"https:\/\/www.spvgg-quierschied.de\/index.php?rest_route=%2Fwp%2Fv2%2Fcategories&post=12372"},{"taxonomy":"post_tag","embeddable":true,"href":"https:\/\/www.spvgg-quierschied.de\/index.php?rest_route=%2Fwp%2Fv2%2Ftags&post=12372"}],"curies":[{"name":"wp","href":"https:\/\/api.w.org\/{rel}","templated":true}]}}