{"id":12319,"date":"2015-06-29T08:38:22","date_gmt":"2015-06-29T06:38:22","guid":{"rendered":"http:\/\/www.spvgg-quierschied.de\/?p=12319"},"modified":"2015-06-29T10:13:27","modified_gmt":"2015-06-29T08:13:27","slug":"starker-auftritt-im-ersten-test","status":"publish","type":"post","link":"https:\/\/www.spvgg-quierschied.de\/?p=12319","title":{"rendered":"Starker Auftritt im ersten Test"},"content":{"rendered":"<p>Bereits am Samstag stand f\u00fcr unsere 1. Mannschaft das erste Testspiel der Vorbereitung an. Auf kurzfristige Anfrage des SV Saar 05 Saarbr\u00fccken war unsere Spvgg zu Gast beim Regionalliga-Aufsteiger. Dabei zeigte unsere Mannschaft eine sehr starke Partie und f\u00fchrte zur Halbzeit mit 1:0. Torsch\u00fctze war Mexhid Kadrija. Sowohl Manuel Allard als auch Julian Fernsner hatten weitere gro\u00dfe Chancen auf einen Treffer, w\u00e4hrend Saar 05 sich sehr schwer tat gegen eine kompakte Quierschieder Mannschaft Torchancen zu kreieren. In der Halbzeitpause wechselten beide Teams kr\u00e4ftig durch. Saar 05 wurde zielstrebiger und drehte die Partie zu einem zwischenzeitlichen 3:1. Die Tore erzielten Christian Hertel, Salif Cisse und Matth\u00e4us Gornik. Kurz vor dem Abpfiff erzielte unsere Mannschaft noch den 3:2 Anschlusstreffer von Yannick Eiler und hatte danach noch eine gute Kopfballchance von Neuzugang Tom Kreutzer (A Jugend). Insgesamt ein sehr guter Auftritt unserer Mannschaft in ersten Testspiel.<\/p>\n<p><strong>Folgende Spieler kamen zum Einsatz:<\/strong><\/p>\n<p>Kratz, B\u00fcchel, Eiler, Dillenburger, Schaum D., Klein Br\u00fcckerhoff, Allard, Fernsner, Testa, Kadrija. Eingewechselt: Schaum S., Schneider, Leinenweber, Bender, No\u00df, M\u00fcller, Lorang, Kreutzer.<\/p>\n<p>Tore: 0:1 Kadrija, 1:1 Hertel, 2:1 Cisse, 3:1 Gornik, 3:2 Eiler<\/p>\n","protected":false},"excerpt":{"rendered":"<p>Bereits am Samstag stand f\u00fcr unsere 1. Mannschaft das erste Testspiel der Vorbereitung an. Auf kurzfristige Anfrage des SV Saar 05 Saarbr\u00fccken war unsere Spvgg zu Gast beim Regionalliga-Aufsteiger. Dabei zeigte unsere Mannschaft eine sehr starke Partie und f\u00fchrte zur&hellip;<\/p>\n<p class=\"more-link-p\"><a class=\"more-link\" href=\"https:\/\/www.spvgg-quierschied.de\/?p=12319\">Read more &rarr;<\/a><\/p>\n","protected":false},"author":4,"featured_media":0,"comment_status":"closed","ping_status":"closed","sticky":false,"template":"","format":"standard","meta":{"footnotes":""},"categories":[8],"tags":[],"class_list":["post-12319","post","type-post","status-publish","format-standard","hentry","category-1-mannschaft"],"_links":{"self":[{"href":"https:\/\/www.spvgg-quierschied.de\/index.php?rest_route=\/wp\/v2\/posts\/12319","targetHints":{"allow":["GET"]}}],"collection":[{"href":"https:\/\/www.spvgg-quierschied.de\/index.php?rest_route=\/wp\/v2\/posts"}],"about":[{"href":"https:\/\/www.spvgg-quierschied.de\/index.php?rest_route=\/wp\/v2\/types\/post"}],"author":[{"embeddable":true,"href":"https:\/\/www.spvgg-quierschied.de\/index.php?rest_route=\/wp\/v2\/users\/4"}],"replies":[{"embeddable":true,"href":"https:\/\/www.spvgg-quierschied.de\/index.php?rest_route=%2Fwp%2Fv2%2Fcomments&post=12319"}],"version-history":[{"count":2,"href":"https:\/\/www.spvgg-quierschied.de\/index.php?rest_route=\/wp\/v2\/posts\/12319\/revisions"}],"predecessor-version":[{"id":12321,"href":"https:\/\/www.spvgg-quierschied.de\/index.php?rest_route=\/wp\/v2\/posts\/12319\/revisions\/12321"}],"wp:attachment":[{"href":"https:\/\/www.spvgg-quierschied.de\/index.php?rest_route=%2Fwp%2Fv2%2Fmedia&parent=12319"}],"wp:term":[{"taxonomy":"category","embeddable":true,"href":"https:\/\/www.spvgg-quierschied.de\/index.php?rest_route=%2Fwp%2Fv2%2Fcategories&post=12319"},{"taxonomy":"post_tag","embeddable":true,"href":"https:\/\/www.spvgg-quierschied.de\/index.php?rest_route=%2Fwp%2Fv2%2Ftags&post=12319"}],"curies":[{"name":"wp","href":"https:\/\/api.w.org\/{rel}","templated":true}]}}