{"id":12316,"date":"2015-06-29T09:28:06","date_gmt":"2015-06-29T07:28:06","guid":{"rendered":"http:\/\/www.spvgg-quierschied.de\/?p=12316"},"modified":"2015-06-30T13:35:10","modified_gmt":"2015-06-30T11:35:10","slug":"gelungener-trainingsauftakt","status":"publish","type":"post","link":"https:\/\/www.spvgg-quierschied.de\/?p=12316","title":{"rendered":"Gelungener Trainingsauftakt"},"content":{"rendered":"<p><a href=\"https:\/\/www.spvgg-quierschied.de\/wp-content\/uploads\/2015\/06\/QR7KYH3N.jpg\"><img loading=\"lazy\" decoding=\"async\" class=\"alignleft size-medium wp-image-12347\" src=\"https:\/\/www.spvgg-quierschied.de\/wp-content\/uploads\/2015\/06\/QR7KYH3N-225x300.jpg\" alt=\"QR7KYH3N\" width=\"225\" height=\"300\" srcset=\"https:\/\/www.spvgg-quierschied.de\/wp-content\/uploads\/2015\/06\/QR7KYH3N-225x300.jpg 225w, https:\/\/www.spvgg-quierschied.de\/wp-content\/uploads\/2015\/06\/QR7KYH3N.jpg 600w\" sizes=\"auto, (max-width: 225px) 100vw, 225px\" \/><\/a>Am vergangenen Freitag fiel f\u00fcr unsere Aktiven der Startschuss zur Sommer-Vorbereitung. \u00dcber 40 Spieler fanden sich zum ersten Training der Saison 2015\/2016 auf dem Sportplatz am Franzenhaus ein. Dabei begr\u00fc\u00dfte der Vorstand alle Spieler, Betreuer und Trainer und w\u00fcnschte ihnen eine erfolgreiche, verletzungsfreie Saison. Chefcoach Markus Woll stellte anschlie\u00dfend\u00a0die Neuzug\u00e4nge\u00a0der 1. Mannschaft vor. Als Saisonziel in der Verbandsliga gab\u00a0Woll an, im vorderen Drittel der Tabelle mitspielen zu wollen. Nach dem guten 7. Platz in der Vorsaison m\u00f6chte man in dieser Runde ein wenig mehr, als nur um die &#8222;goldene Ananas&#8220; zu spielen. Dabei soll die Mannschaft aber keinen Druck versp\u00fcren, vor allem weiterhin die gute Kameradschaft pflegen und mit Spa\u00df bei der Sache sein. Anschlie\u00dfend kam der neue Trainer der 2. und 3.Mannschaft, Dirk Gro\u00df zu Wort. Dabei betonte er, dass er sich sehr auf die neue Herausforderung freue und mit den Reserveteams der Wambe &#8222;neue Wege gehen m\u00f6chte&#8220;. Sowohl im Training als auch im Spiel will er sich dem modernen Fu\u00dfball anpassen. Mit viel Euphorie und jeder Menge Trainingseifer will er mit der 2. Mannschaft in der Bezirksliga Saarbr\u00fccken eine gute Rolle spielen. Dabei kann er auf die Unterst\u00fctzung von dem letztj\u00e4hrigen Betreuer der 3. Mannschaft, Thommy Nawrath z\u00e4hlen. Er wird Gro\u00df als Co-Trainer zur Seite stehen und daf\u00fcr sorgen, dass auch die 3. Mannschaft topfit in die neue Runde gehen wird. In den n\u00e4chsten Wochen stehen viele Trainingseinheiten und Testspiele auf dem Programm, diese sind im Vorbereitungsplan ersichtlich: <a href=\"https:\/\/www.spvgg-quierschied.de\/wp-content\/uploads\/2015\/06\/Sommervorbereitung-Saison-2015_16.pdf\">Sommervorbereitung Saison 2015_16<\/a><\/p>\n<p><strong>Die ersten Spiele der Saison 2015\/2016 finden am 09.08.2015 statt. Dabei empf\u00e4ngt die 1. Mannschaft im Heimspiel den FV 08 P\u00fcttlingen. Die weiteren Spiele in der Verbandsliga: 2. Spieltag Beaumarais &#8211; Spvgg, 3. Spieltag Spvgg &#8211; SF Rehlingen, 4. Spieltag Karlsbrunn &#8211; Spvgg, 5. Spieltag Spvgg &#8211; Losheim. D<\/strong><strong>ie 2. und 3. Mannschaft starten ebenfalls zuhause gegen den Mitaufsteiger SC Altenkessel und m\u00fcssen eine Woche sp\u00e4ter nach J\u00e4gersfreude.<\/strong><\/p>\n<p><strong>Unsere Neuzug\u00e4nge der Aktiven, Impressionen vom 26. und 28.06.2015:<\/strong><\/p>\n<div id='gallery-1' class='gallery galleryid-12316 gallery-columns-3 gallery-size-medium'><dl class='gallery-item'>\n\t\t\t<dt class='gallery-icon landscape'>\n\t\t\t\t<a href='https:\/\/www.spvgg-quierschied.de\/wp-content\/uploads\/2015\/06\/Neuzug\u00e4nge-1.jpg'><img loading=\"lazy\" decoding=\"async\" width=\"300\" height=\"225\" src=\"https:\/\/www.spvgg-quierschied.de\/wp-content\/uploads\/2015\/06\/Neuzug\u00e4nge-1-300x225.jpg\" class=\"attachment-medium size-medium\" alt=\"\" aria-describedby=\"gallery-1-12315\" srcset=\"https:\/\/www.spvgg-quierschied.de\/wp-content\/uploads\/2015\/06\/Neuzug\u00e4nge-1-300x225.jpg 300w, https:\/\/www.spvgg-quierschied.de\/wp-content\/uploads\/2015\/06\/Neuzug\u00e4nge-1.jpg 896w\" sizes=\"auto, (max-width: 300px) 100vw, 300px\" \/><\/a>\n\t\t\t<\/dt>\n\t\t\t\t<dd class='wp-caption-text gallery-caption' id='gallery-1-12315'>\n\t\t\t\tVon links: Meikel Bender, Yannick Schneider, Sascha Schaum, Trainer Markus Woll.\n\t\t\t\t<\/dd><\/dl><dl class='gallery-item'>\n\t\t\t<dt class='gallery-icon landscape'>\n\t\t\t\t<a href='https:\/\/www.spvgg-quierschied.de\/wp-content\/uploads\/2015\/06\/Neuzug\u00e4nge-23..jpg'><img loading=\"lazy\" decoding=\"async\" width=\"300\" height=\"225\" src=\"https:\/\/www.spvgg-quierschied.de\/wp-content\/uploads\/2015\/06\/Neuzug\u00e4nge-23.-300x225.jpg\" class=\"attachment-medium size-medium\" alt=\"\" aria-describedby=\"gallery-1-12314\" srcset=\"https:\/\/www.spvgg-quierschied.de\/wp-content\/uploads\/2015\/06\/Neuzug\u00e4nge-23.-300x225.jpg 300w, https:\/\/www.spvgg-quierschied.de\/wp-content\/uploads\/2015\/06\/Neuzug\u00e4nge-23..jpg 896w\" sizes=\"auto, (max-width: 300px) 100vw, 300px\" \/><\/a>\n\t\t\t<\/dt>\n\t\t\t\t<dd class='wp-caption-text gallery-caption' id='gallery-1-12314'>\n\t\t\t\tOben von links: Nico No\u00df, Giuseppe Simonetta, Henning Kirsch, Nagalaj Vanoth (wechselt doch nicht zur Spvgg), Trainer Dirk Gro\u00df. Unten von links: Massimo Amato, Tom Kreutzer, Johannes Weber.\n\t\t\t\t<\/dd><\/dl><dl class='gallery-item'>\n\t\t\t<dt class='gallery-icon landscape'>\n\t\t\t\t<a href='https:\/\/www.spvgg-quierschied.de\/wp-content\/uploads\/2015\/06\/Trainingsauftakt.jpg'><img loading=\"lazy\" decoding=\"async\" width=\"300\" height=\"225\" src=\"https:\/\/www.spvgg-quierschied.de\/wp-content\/uploads\/2015\/06\/Trainingsauftakt-300x225.jpg\" class=\"attachment-medium size-medium\" alt=\"\" srcset=\"https:\/\/www.spvgg-quierschied.de\/wp-content\/uploads\/2015\/06\/Trainingsauftakt-300x225.jpg 300w, https:\/\/www.spvgg-quierschied.de\/wp-content\/uploads\/2015\/06\/Trainingsauftakt.jpg 896w\" sizes=\"auto, (max-width: 300px) 100vw, 300px\" \/><\/a>\n\t\t\t<\/dt><\/dl><br style=\"clear: both\" \/><dl class='gallery-item'>\n\t\t\t<dt class='gallery-icon portrait'>\n\t\t\t\t<a href='https:\/\/www.spvgg-quierschied.de\/wp-content\/uploads\/2015\/06\/UI57L5V7.jpg'><img loading=\"lazy\" decoding=\"async\" width=\"225\" height=\"300\" src=\"https:\/\/www.spvgg-quierschied.de\/wp-content\/uploads\/2015\/06\/UI57L5V7-225x300.jpg\" class=\"attachment-medium size-medium\" alt=\"\" srcset=\"https:\/\/www.spvgg-quierschied.de\/wp-content\/uploads\/2015\/06\/UI57L5V7-225x300.jpg 225w, https:\/\/www.spvgg-quierschied.de\/wp-content\/uploads\/2015\/06\/UI57L5V7.jpg 600w\" sizes=\"auto, (max-width: 225px) 100vw, 225px\" \/><\/a>\n\t\t\t<\/dt><\/dl><dl class='gallery-item'>\n\t\t\t<dt class='gallery-icon portrait'>\n\t\t\t\t<a href='https:\/\/www.spvgg-quierschied.de\/wp-content\/uploads\/2015\/06\/V4O7608R.jpg'><img loading=\"lazy\" decoding=\"async\" width=\"225\" height=\"300\" src=\"https:\/\/www.spvgg-quierschied.de\/wp-content\/uploads\/2015\/06\/V4O7608R-225x300.jpg\" class=\"attachment-medium size-medium\" alt=\"\" srcset=\"https:\/\/www.spvgg-quierschied.de\/wp-content\/uploads\/2015\/06\/V4O7608R-225x300.jpg 225w, https:\/\/www.spvgg-quierschied.de\/wp-content\/uploads\/2015\/06\/V4O7608R.jpg 600w\" sizes=\"auto, (max-width: 225px) 100vw, 225px\" \/><\/a>\n\t\t\t<\/dt><\/dl><dl class='gallery-item'>\n\t\t\t<dt class='gallery-icon portrait'>\n\t\t\t\t<a href='https:\/\/www.spvgg-quierschied.de\/wp-content\/uploads\/2015\/06\/XEKABND4.jpg'><img loading=\"lazy\" decoding=\"async\" width=\"225\" height=\"300\" src=\"https:\/\/www.spvgg-quierschied.de\/wp-content\/uploads\/2015\/06\/XEKABND4-225x300.jpg\" class=\"attachment-medium size-medium\" alt=\"\" srcset=\"https:\/\/www.spvgg-quierschied.de\/wp-content\/uploads\/2015\/06\/XEKABND4-225x300.jpg 225w, https:\/\/www.spvgg-quierschied.de\/wp-content\/uploads\/2015\/06\/XEKABND4.jpg 600w\" sizes=\"auto, (max-width: 225px) 100vw, 225px\" \/><\/a>\n\t\t\t<\/dt><\/dl><br style=\"clear: both\" \/><dl class='gallery-item'>\n\t\t\t<dt class='gallery-icon portrait'>\n\t\t\t\t<a href='https:\/\/www.spvgg-quierschied.de\/wp-content\/uploads\/2015\/06\/QR7KYH3N.jpg'><img loading=\"lazy\" decoding=\"async\" width=\"225\" height=\"300\" src=\"https:\/\/www.spvgg-quierschied.de\/wp-content\/uploads\/2015\/06\/QR7KYH3N-225x300.jpg\" class=\"attachment-medium size-medium\" alt=\"\" srcset=\"https:\/\/www.spvgg-quierschied.de\/wp-content\/uploads\/2015\/06\/QR7KYH3N-225x300.jpg 225w, https:\/\/www.spvgg-quierschied.de\/wp-content\/uploads\/2015\/06\/QR7KYH3N.jpg 600w\" sizes=\"auto, (max-width: 225px) 100vw, 225px\" \/><\/a>\n\t\t\t<\/dt><\/dl><dl class='gallery-item'>\n\t\t\t<dt class='gallery-icon portrait'>\n\t\t\t\t<a href='https:\/\/www.spvgg-quierschied.de\/wp-content\/uploads\/2015\/06\/MXPEUKLW.jpg'><img loading=\"lazy\" decoding=\"async\" width=\"225\" height=\"300\" src=\"https:\/\/www.spvgg-quierschied.de\/wp-content\/uploads\/2015\/06\/MXPEUKLW-225x300.jpg\" class=\"attachment-medium size-medium\" alt=\"\" srcset=\"https:\/\/www.spvgg-quierschied.de\/wp-content\/uploads\/2015\/06\/MXPEUKLW-225x300.jpg 225w, https:\/\/www.spvgg-quierschied.de\/wp-content\/uploads\/2015\/06\/MXPEUKLW.jpg 600w\" sizes=\"auto, (max-width: 225px) 100vw, 225px\" \/><\/a>\n\t\t\t<\/dt><\/dl><dl class='gallery-item'>\n\t\t\t<dt class='gallery-icon portrait'>\n\t\t\t\t<a href='https:\/\/www.spvgg-quierschied.de\/wp-content\/uploads\/2015\/06\/IZ4M1NPS.jpg'><img loading=\"lazy\" decoding=\"async\" width=\"225\" height=\"300\" src=\"https:\/\/www.spvgg-quierschied.de\/wp-content\/uploads\/2015\/06\/IZ4M1NPS-225x300.jpg\" class=\"attachment-medium size-medium\" alt=\"\" srcset=\"https:\/\/www.spvgg-quierschied.de\/wp-content\/uploads\/2015\/06\/IZ4M1NPS-225x300.jpg 225w, https:\/\/www.spvgg-quierschied.de\/wp-content\/uploads\/2015\/06\/IZ4M1NPS.jpg 600w\" sizes=\"auto, (max-width: 225px) 100vw, 225px\" \/><\/a>\n\t\t\t<\/dt><\/dl><br style=\"clear: both\" \/><dl class='gallery-item'>\n\t\t\t<dt class='gallery-icon portrait'>\n\t\t\t\t<a href='https:\/\/www.spvgg-quierschied.de\/wp-content\/uploads\/2015\/06\/EO3NRHW6.jpg'><img loading=\"lazy\" decoding=\"async\" width=\"225\" height=\"300\" src=\"https:\/\/www.spvgg-quierschied.de\/wp-content\/uploads\/2015\/06\/EO3NRHW6-225x300.jpg\" class=\"attachment-medium size-medium\" alt=\"\" srcset=\"https:\/\/www.spvgg-quierschied.de\/wp-content\/uploads\/2015\/06\/EO3NRHW6-225x300.jpg 225w, https:\/\/www.spvgg-quierschied.de\/wp-content\/uploads\/2015\/06\/EO3NRHW6.jpg 600w\" sizes=\"auto, (max-width: 225px) 100vw, 225px\" \/><\/a>\n\t\t\t<\/dt><\/dl><dl class='gallery-item'>\n\t\t\t<dt class='gallery-icon portrait'>\n\t\t\t\t<a href='https:\/\/www.spvgg-quierschied.de\/wp-content\/uploads\/2015\/06\/BYARAV0T.jpg'><img loading=\"lazy\" decoding=\"async\" width=\"225\" height=\"300\" src=\"https:\/\/www.spvgg-quierschied.de\/wp-content\/uploads\/2015\/06\/BYARAV0T-225x300.jpg\" class=\"attachment-medium size-medium\" alt=\"\" srcset=\"https:\/\/www.spvgg-quierschied.de\/wp-content\/uploads\/2015\/06\/BYARAV0T-225x300.jpg 225w, https:\/\/www.spvgg-quierschied.de\/wp-content\/uploads\/2015\/06\/BYARAV0T.jpg 600w\" sizes=\"auto, (max-width: 225px) 100vw, 225px\" \/><\/a>\n\t\t\t<\/dt><\/dl><dl class='gallery-item'>\n\t\t\t<dt class='gallery-icon portrait'>\n\t\t\t\t<a href='https:\/\/www.spvgg-quierschied.de\/wp-content\/uploads\/2015\/06\/1CYTM317.jpg'><img loading=\"lazy\" decoding=\"async\" width=\"225\" height=\"300\" src=\"https:\/\/www.spvgg-quierschied.de\/wp-content\/uploads\/2015\/06\/1CYTM317-225x300.jpg\" class=\"attachment-medium size-medium\" alt=\"\" srcset=\"https:\/\/www.spvgg-quierschied.de\/wp-content\/uploads\/2015\/06\/1CYTM317-225x300.jpg 225w, https:\/\/www.spvgg-quierschied.de\/wp-content\/uploads\/2015\/06\/1CYTM317.jpg 600w\" sizes=\"auto, (max-width: 225px) 100vw, 225px\" \/><\/a>\n\t\t\t<\/dt><\/dl><br style=\"clear: both\" \/>\n\t\t<\/div>\n\n<p>&nbsp;<\/p>\n<p>&nbsp;<\/p>\n<p>&nbsp;<\/p>\n","protected":false},"excerpt":{"rendered":"<p>Am vergangenen Freitag fiel f\u00fcr unsere Aktiven der Startschuss zur Sommer-Vorbereitung. \u00dcber 40 Spieler fanden sich zum ersten Training der Saison 2015\/2016 auf dem Sportplatz am Franzenhaus ein. Dabei begr\u00fc\u00dfte der Vorstand alle Spieler, Betreuer und Trainer und w\u00fcnschte ihnen&hellip;<\/p>\n<p class=\"more-link-p\"><a class=\"more-link\" href=\"https:\/\/www.spvgg-quierschied.de\/?p=12316\">Read more &rarr;<\/a><\/p>\n","protected":false},"author":4,"featured_media":12347,"comment_status":"closed","ping_status":"closed","sticky":false,"template":"","format":"standard","meta":{"footnotes":""},"categories":[5],"tags":[],"class_list":["post-12316","post","type-post","status-publish","format-standard","has-post-thumbnail","hentry","category-aktive"],"_links":{"self":[{"href":"https:\/\/www.spvgg-quierschied.de\/index.php?rest_route=\/wp\/v2\/posts\/12316","targetHints":{"allow":["GET"]}}],"collection":[{"href":"https:\/\/www.spvgg-quierschied.de\/index.php?rest_route=\/wp\/v2\/posts"}],"about":[{"href":"https:\/\/www.spvgg-quierschied.de\/index.php?rest_route=\/wp\/v2\/types\/post"}],"author":[{"embeddable":true,"href":"https:\/\/www.spvgg-quierschied.de\/index.php?rest_route=\/wp\/v2\/users\/4"}],"replies":[{"embeddable":true,"href":"https:\/\/www.spvgg-quierschied.de\/index.php?rest_route=%2Fwp%2Fv2%2Fcomments&post=12316"}],"version-history":[{"count":9,"href":"https:\/\/www.spvgg-quierschied.de\/index.php?rest_route=\/wp\/v2\/posts\/12316\/revisions"}],"predecessor-version":[{"id":12366,"href":"https:\/\/www.spvgg-quierschied.de\/index.php?rest_route=\/wp\/v2\/posts\/12316\/revisions\/12366"}],"wp:featuredmedia":[{"embeddable":true,"href":"https:\/\/www.spvgg-quierschied.de\/index.php?rest_route=\/wp\/v2\/media\/12347"}],"wp:attachment":[{"href":"https:\/\/www.spvgg-quierschied.de\/index.php?rest_route=%2Fwp%2Fv2%2Fmedia&parent=12316"}],"wp:term":[{"taxonomy":"category","embeddable":true,"href":"https:\/\/www.spvgg-quierschied.de\/index.php?rest_route=%2Fwp%2Fv2%2Fcategories&post=12316"},{"taxonomy":"post_tag","embeddable":true,"href":"https:\/\/www.spvgg-quierschied.de\/index.php?rest_route=%2Fwp%2Fv2%2Ftags&post=12316"}],"curies":[{"name":"wp","href":"https:\/\/api.w.org\/{rel}","templated":true}]}}