{"id":12233,"date":"2015-06-21T10:26:35","date_gmt":"2015-06-21T08:26:35","guid":{"rendered":"http:\/\/www.spvgg-quierschied.de\/?p=12233"},"modified":"2015-06-23T09:28:36","modified_gmt":"2015-06-23T07:28:36","slug":"quierschieder-es-kann-nur-einen-geben","status":"publish","type":"post","link":"https:\/\/www.spvgg-quierschied.de\/?p=12233","title":{"rendered":"Quierschieder? Es kann nur einen geben!"},"content":{"rendered":"<div id=\"attachment_12234\" style=\"width: 210px\" class=\"wp-caption alignleft\"><a href=\"https:\/\/www.spvgg-quierschied.de\/wp-content\/uploads\/2015\/06\/FV5P7246.jpg\"><img loading=\"lazy\" decoding=\"async\" aria-describedby=\"caption-attachment-12234\" class=\"wp-image-12234 size-medium\" src=\"https:\/\/www.spvgg-quierschied.de\/wp-content\/uploads\/2015\/06\/FV5P7246-200x300.jpg\" alt=\"Foto: Andreas Schlichter\" width=\"200\" height=\"300\" srcset=\"https:\/\/www.spvgg-quierschied.de\/wp-content\/uploads\/2015\/06\/FV5P7246-200x300.jpg 200w, https:\/\/www.spvgg-quierschied.de\/wp-content\/uploads\/2015\/06\/FV5P7246.jpg 320w\" sizes=\"auto, (max-width: 200px) 100vw, 200px\" \/><\/a><p id=\"caption-attachment-12234\" class=\"wp-caption-text\">Foto: Andreas Schlichter<\/p><\/div>\n<p>Unser 1. Vorsitzender hat es geschafft: Lutz Maurer wird B\u00fcrgermeister der Gemeinde Quierschied. Unter folgendem Link findet ihr einen Text, den unser Vorstandsmitglied Sebastian Zenner (Fotos: Andreas Schlichter) f\u00fcr die Ver\u00f6ffentlichung vor der Wahl verfasst hat. Viel Spa\u00df beim Lesen!<\/p>\n<blockquote class=\"wp-embedded-content\" data-secret=\"EtbKVt2cMF\"><p><a href=\"https:\/\/www.sebastian-zenner.de\/?p=339\">Quierschieder? Es kann nur einen geben!<\/a><\/p><\/blockquote>\n<p><iframe loading=\"lazy\" class=\"wp-embedded-content\" sandbox=\"allow-scripts\" security=\"restricted\" style=\"position: absolute; clip: rect(1px, 1px, 1px, 1px);\" title=\"&#8222;Quierschieder? Es kann nur einen geben!&#8220; &#8212; sebastian zenner\" src=\"https:\/\/www.sebastian-zenner.de\/?p=339&#038;embed=true#?secret=omeLJ8MATs#?secret=EtbKVt2cMF\" data-secret=\"EtbKVt2cMF\" width=\"560\" height=\"315\" frameborder=\"0\" marginwidth=\"0\" marginheight=\"0\" scrolling=\"no\"><\/iframe><\/p>\n","protected":false},"excerpt":{"rendered":"<p>Unser 1. Vorsitzender hat es geschafft: Lutz Maurer wird B\u00fcrgermeister der Gemeinde Quierschied. Unter folgendem Link findet ihr einen Text, den unser Vorstandsmitglied Sebastian Zenner (Fotos: Andreas Schlichter) f\u00fcr die Ver\u00f6ffentlichung vor der Wahl verfasst hat. Viel Spa\u00df beim Lesen!&hellip;<\/p>\n<p class=\"more-link-p\"><a class=\"more-link\" href=\"https:\/\/www.spvgg-quierschied.de\/?p=12233\">Read more &rarr;<\/a><\/p>\n","protected":false},"author":1,"featured_media":12234,"comment_status":"closed","ping_status":"closed","sticky":false,"template":"","format":"standard","meta":{"footnotes":""},"categories":[7],"tags":[],"class_list":["post-12233","post","type-post","status-publish","format-standard","has-post-thumbnail","hentry","category-vorstand"],"_links":{"self":[{"href":"https:\/\/www.spvgg-quierschied.de\/index.php?rest_route=\/wp\/v2\/posts\/12233","targetHints":{"allow":["GET"]}}],"collection":[{"href":"https:\/\/www.spvgg-quierschied.de\/index.php?rest_route=\/wp\/v2\/posts"}],"about":[{"href":"https:\/\/www.spvgg-quierschied.de\/index.php?rest_route=\/wp\/v2\/types\/post"}],"author":[{"embeddable":true,"href":"https:\/\/www.spvgg-quierschied.de\/index.php?rest_route=\/wp\/v2\/users\/1"}],"replies":[{"embeddable":true,"href":"https:\/\/www.spvgg-quierschied.de\/index.php?rest_route=%2Fwp%2Fv2%2Fcomments&post=12233"}],"version-history":[{"count":1,"href":"https:\/\/www.spvgg-quierschied.de\/index.php?rest_route=\/wp\/v2\/posts\/12233\/revisions"}],"predecessor-version":[{"id":12235,"href":"https:\/\/www.spvgg-quierschied.de\/index.php?rest_route=\/wp\/v2\/posts\/12233\/revisions\/12235"}],"wp:featuredmedia":[{"embeddable":true,"href":"https:\/\/www.spvgg-quierschied.de\/index.php?rest_route=\/wp\/v2\/media\/12234"}],"wp:attachment":[{"href":"https:\/\/www.spvgg-quierschied.de\/index.php?rest_route=%2Fwp%2Fv2%2Fmedia&parent=12233"}],"wp:term":[{"taxonomy":"category","embeddable":true,"href":"https:\/\/www.spvgg-quierschied.de\/index.php?rest_route=%2Fwp%2Fv2%2Fcategories&post=12233"},{"taxonomy":"post_tag","embeddable":true,"href":"https:\/\/www.spvgg-quierschied.de\/index.php?rest_route=%2Fwp%2Fv2%2Ftags&post=12233"}],"curies":[{"name":"wp","href":"https:\/\/api.w.org\/{rel}","templated":true}]}}