{"id":12123,"date":"2015-06-01T11:26:48","date_gmt":"2015-06-01T09:26:48","guid":{"rendered":"http:\/\/www.spvgg-quierschied.de\/?p=12123"},"modified":"2015-06-01T11:59:53","modified_gmt":"2015-06-01T09:59:53","slug":"danke-hansi","status":"publish","type":"post","link":"https:\/\/www.spvgg-quierschied.de\/?p=12123","title":{"rendered":"Danke Hansi!"},"content":{"rendered":"<p>Eine Woche nach dem Saisonende versammelten sich alle Aktiven unserer Spvgg am vergangenen Samstag auf dem Sportplatz am Franzenhaus. Anlass daf\u00fcr war die Verabschiedung unseres Trainers der Reserven, Hans Eiler. Der 1. Vorsitzende Lutz Maurer richtete dankende Worte an &#8222;Hansi&#8220; und lobte ihn f\u00fcr sein gro\u00dfes Engagement. Sowohl die Vizemeisterschaft im vergangenen Jahr, als auch die SDoppelmeisterschaft in dieser Saison h\u00e4ngen ganz eng mit dem scheidenden Trainer zusammen. Auch die Aktiven sagten Danke, dabei richtete der Stellevertretende Kapit\u00e4n Jan Erik Schlicker ein paar Worte des Danks\u00a0an den Coach. Sowohl der Verein als auch die Aktiven \u00fcberreichten Hans Eiler ein kleines Pr\u00e4sent. <strong>Auch an dieser Stelle, nochmals vielen Dank Hansi, wir w\u00fcrden uns freuen Dich weiterhin bei den Spielen der Aktiven begr\u00fc\u00dfen zu d\u00fcrfen!<\/strong><\/p>\n<p>&nbsp;<\/p>\n<p><a href=\"https:\/\/www.spvgg-quierschied.de\/wp-content\/uploads\/2015\/06\/Verabschiedung-Hans-Eiler-30.05.2015.jpg\"><img loading=\"lazy\" decoding=\"async\" class=\" size-medium wp-image-12126 alignleft\" src=\"https:\/\/www.spvgg-quierschied.de\/wp-content\/uploads\/2015\/06\/Verabschiedung-Hans-Eiler-30.05.2015-300x225.jpg\" alt=\"Verabschiedung Hans Eiler 30.05.2015\" width=\"300\" height=\"225\" srcset=\"https:\/\/www.spvgg-quierschied.de\/wp-content\/uploads\/2015\/06\/Verabschiedung-Hans-Eiler-30.05.2015-300x225.jpg 300w, https:\/\/www.spvgg-quierschied.de\/wp-content\/uploads\/2015\/06\/Verabschiedung-Hans-Eiler-30.05.2015.jpg 960w\" sizes=\"auto, (max-width: 300px) 100vw, 300px\" \/><\/a><a href=\"https:\/\/www.spvgg-quierschied.de\/wp-content\/uploads\/2015\/06\/Verabschiedung-Hans-Eiler-30.05.2015-2.jpg\"><img loading=\"lazy\" decoding=\"async\" class=\"alignright size-medium wp-image-12131\" src=\"https:\/\/www.spvgg-quierschied.de\/wp-content\/uploads\/2015\/06\/Verabschiedung-Hans-Eiler-30.05.2015-2-300x225.jpg\" alt=\"Verabschiedung Hans Eiler 30.05.2015 2\" width=\"300\" height=\"225\" srcset=\"https:\/\/www.spvgg-quierschied.de\/wp-content\/uploads\/2015\/06\/Verabschiedung-Hans-Eiler-30.05.2015-2-300x225.jpg 300w, https:\/\/www.spvgg-quierschied.de\/wp-content\/uploads\/2015\/06\/Verabschiedung-Hans-Eiler-30.05.2015-2.jpg 960w\" sizes=\"auto, (max-width: 300px) 100vw, 300px\" \/><\/a><\/p>\n","protected":false},"excerpt":{"rendered":"<p>Eine Woche nach dem Saisonende versammelten sich alle Aktiven unserer Spvgg am vergangenen Samstag auf dem Sportplatz am Franzenhaus. Anlass daf\u00fcr war die Verabschiedung unseres Trainers der Reserven, Hans Eiler. Der 1. Vorsitzende Lutz Maurer richtete dankende Worte an &#8222;Hansi&#8220;&hellip;<\/p>\n<p class=\"more-link-p\"><a class=\"more-link\" href=\"https:\/\/www.spvgg-quierschied.de\/?p=12123\">Read more &rarr;<\/a><\/p>\n","protected":false},"author":4,"featured_media":12126,"comment_status":"closed","ping_status":"closed","sticky":false,"template":"","format":"standard","meta":{"footnotes":""},"categories":[5],"tags":[],"class_list":["post-12123","post","type-post","status-publish","format-standard","has-post-thumbnail","hentry","category-aktive"],"_links":{"self":[{"href":"https:\/\/www.spvgg-quierschied.de\/index.php?rest_route=\/wp\/v2\/posts\/12123","targetHints":{"allow":["GET"]}}],"collection":[{"href":"https:\/\/www.spvgg-quierschied.de\/index.php?rest_route=\/wp\/v2\/posts"}],"about":[{"href":"https:\/\/www.spvgg-quierschied.de\/index.php?rest_route=\/wp\/v2\/types\/post"}],"author":[{"embeddable":true,"href":"https:\/\/www.spvgg-quierschied.de\/index.php?rest_route=\/wp\/v2\/users\/4"}],"replies":[{"embeddable":true,"href":"https:\/\/www.spvgg-quierschied.de\/index.php?rest_route=%2Fwp%2Fv2%2Fcomments&post=12123"}],"version-history":[{"count":4,"href":"https:\/\/www.spvgg-quierschied.de\/index.php?rest_route=\/wp\/v2\/posts\/12123\/revisions"}],"predecessor-version":[{"id":12133,"href":"https:\/\/www.spvgg-quierschied.de\/index.php?rest_route=\/wp\/v2\/posts\/12123\/revisions\/12133"}],"wp:featuredmedia":[{"embeddable":true,"href":"https:\/\/www.spvgg-quierschied.de\/index.php?rest_route=\/wp\/v2\/media\/12126"}],"wp:attachment":[{"href":"https:\/\/www.spvgg-quierschied.de\/index.php?rest_route=%2Fwp%2Fv2%2Fmedia&parent=12123"}],"wp:term":[{"taxonomy":"category","embeddable":true,"href":"https:\/\/www.spvgg-quierschied.de\/index.php?rest_route=%2Fwp%2Fv2%2Fcategories&post=12123"},{"taxonomy":"post_tag","embeddable":true,"href":"https:\/\/www.spvgg-quierschied.de\/index.php?rest_route=%2Fwp%2Fv2%2Ftags&post=12123"}],"curies":[{"name":"wp","href":"https:\/\/api.w.org\/{rel}","templated":true}]}}