{"id":12059,"date":"2015-05-25T14:36:04","date_gmt":"2015-05-25T12:36:04","guid":{"rendered":"http:\/\/www.spvgg-quierschied.de\/?p=12059"},"modified":"2015-05-25T14:42:47","modified_gmt":"2015-05-25T12:42:47","slug":"knappe-niederlage-zum-schluss","status":"publish","type":"post","link":"https:\/\/www.spvgg-quierschied.de\/?p=12059","title":{"rendered":"Knappe Niederlage zum Schluss"},"content":{"rendered":"<p><strong>Im letzen Saisonspiel der Verbandsliga war unsere 1. Mannschaft bereits am Freitagabend bei der FSG Bous zu Gast. Dabei kassierte unsere Mannschaft eine knappe 2:3 Niederlage.<\/strong><\/p>\n<p>Coach Markus Woll musste wie zuletzt auf Manuel Allard verzichten. Dazu fiel Mike Br\u00fcckerhoff wegen Leistenbeschwerden aus und verpasste das erste Spiel in dieser Saison. In der ersten H\u00e4lfte war die Heimelf die bessere Mannschaft und ging fr\u00fch mit 1:0 in F\u00fchrung. Diese konnte Yannick Eiler jedoch kurz darauf mit dem 1:1 ausgleichen. Unsere Mannschaft zeigte beim letzten Auftritt im ersten Abschnitt eine \u00fcberschaubare Leistung, sodass es Bous einfach gemacht wurde erneut mit 2:1 in F\u00fchrung zu gehen. Nach einer scheinbar deutlichen Halbzeitansprache kam unsere Elf st\u00e4rker aus der Kabine und \u00fcbernahm nun das Kommando. Trotzdem hatte Bous durch Konter sehr gute M\u00f6glichkeiten auf das dritte Tor, der im letzten Saisonspiel eingesetzte Pascal Kratz im Tor machte dabei die ein oder andere Chance zunichte. Mit etwas Gl\u00fcck und viel mehr Kampf als in der ersten H\u00e4lfte kamen die Wambe wieder zum Ausgleich. Torsten B\u00fcchel traf per Kopf zum 2:2. Und dies in Unterzahl, denn Meggi Kadrija kassierte zuvor wegen einer vermeintlichen Schwalbe die gelb-rote Karte nachdem er bereits mit Gelb vorbelastet war. Nach einer Standardsituation ging Bous zum dritten Mal mit 3:2 in F\u00fchrung und rettete diese trotz guter Quierschieder Gelegenheiten am Schluss \u00fcber die Zeit.<\/p>\n<p>Unsere Mannschaft verabschiedete sich mit einem \u2013als Aufsteiger- guten 7. Platz in die Sommerpause.<\/p>\n<p>30.Spieltag VL S\u00fcdwest 22.05.15 FSG Bous \u2013 Spvgg Quierschied 3:2 (2:1)<\/p>\n<p>Bous: Horns, Frank, Baer, Klein, Kallmeyer, Tatzel, Pohl, Reichling, Feld, Winter, Engelhardt<\/p>\n<p>Spvgg: Kratz, B\u00fcchel, Schaum, Klein, Dillenburger (46. Welter), Eiler, Testa (65. No\u00df) Leinenweber (46. Sataguida) , Fernsner, Lorang, Kadrija<\/p>\n<p>Tore: 1:0 Tatzel (6.), 1:1 Eiler (9.), 2:1 Reichling (17. )2:2 B\u00fcchel (73.), 3:2 Frank (81.)<\/p>\n<p>Gelb-rot: Kadrija (55.), Tatzel (Bous, 77.)<\/p>\n<p>Zuschauer: 150 Schiedsrichter: Tim Gillen<\/p>\n","protected":false},"excerpt":{"rendered":"<p>Im letzen Saisonspiel der Verbandsliga war unsere 1. Mannschaft bereits am Freitagabend bei der FSG Bous zu Gast. Dabei kassierte unsere Mannschaft eine knappe 2:3 Niederlage. Coach Markus Woll musste wie zuletzt auf Manuel Allard verzichten. Dazu fiel Mike Br\u00fcckerhoff&hellip;<\/p>\n<p class=\"more-link-p\"><a class=\"more-link\" href=\"https:\/\/www.spvgg-quierschied.de\/?p=12059\">Read more &rarr;<\/a><\/p>\n","protected":false},"author":4,"featured_media":0,"comment_status":"closed","ping_status":"closed","sticky":false,"template":"","format":"standard","meta":{"footnotes":""},"categories":[8],"tags":[],"class_list":["post-12059","post","type-post","status-publish","format-standard","hentry","category-1-mannschaft"],"_links":{"self":[{"href":"https:\/\/www.spvgg-quierschied.de\/index.php?rest_route=\/wp\/v2\/posts\/12059","targetHints":{"allow":["GET"]}}],"collection":[{"href":"https:\/\/www.spvgg-quierschied.de\/index.php?rest_route=\/wp\/v2\/posts"}],"about":[{"href":"https:\/\/www.spvgg-quierschied.de\/index.php?rest_route=\/wp\/v2\/types\/post"}],"author":[{"embeddable":true,"href":"https:\/\/www.spvgg-quierschied.de\/index.php?rest_route=\/wp\/v2\/users\/4"}],"replies":[{"embeddable":true,"href":"https:\/\/www.spvgg-quierschied.de\/index.php?rest_route=%2Fwp%2Fv2%2Fcomments&post=12059"}],"version-history":[{"count":6,"href":"https:\/\/www.spvgg-quierschied.de\/index.php?rest_route=\/wp\/v2\/posts\/12059\/revisions"}],"predecessor-version":[{"id":12067,"href":"https:\/\/www.spvgg-quierschied.de\/index.php?rest_route=\/wp\/v2\/posts\/12059\/revisions\/12067"}],"wp:attachment":[{"href":"https:\/\/www.spvgg-quierschied.de\/index.php?rest_route=%2Fwp%2Fv2%2Fmedia&parent=12059"}],"wp:term":[{"taxonomy":"category","embeddable":true,"href":"https:\/\/www.spvgg-quierschied.de\/index.php?rest_route=%2Fwp%2Fv2%2Fcategories&post=12059"},{"taxonomy":"post_tag","embeddable":true,"href":"https:\/\/www.spvgg-quierschied.de\/index.php?rest_route=%2Fwp%2Fv2%2Ftags&post=12059"}],"curies":[{"name":"wp","href":"https:\/\/api.w.org\/{rel}","templated":true}]}}