{"id":11782,"date":"2015-04-30T16:13:43","date_gmt":"2015-04-30T14:13:43","guid":{"rendered":"http:\/\/www.spvgg-quierschied.de\/?p=11782"},"modified":"2015-04-30T16:30:56","modified_gmt":"2015-04-30T14:30:56","slug":"heimspiel-wochenende-beginnt-am-samtag","status":"publish","type":"post","link":"https:\/\/www.spvgg-quierschied.de\/?p=11782","title":{"rendered":"Heimspiel-Wochenende beginnt am Samstag"},"content":{"rendered":"<p><strong>Die vorletzten Heimspiele der Saison stehen am ersten Maiwochenende f\u00fcr die Aktiven unserer Spvgg an<\/strong><strong>.\u00a0Den Start machen schon am Samstag unsere 2. und 3. Mannschaft gegen die DJK Rastpfuhl-Ru\u00dfh\u00fctte. Die Zweite spielt um 15:00 Uhr, die Dritte um 16:45 Uhr.\u00a0 Unsere 1. Mannschaft spielt am Sonntag gegen den SV Klarenthal. Diese Begegnung wird erst um 16:45 Uhr angepfiffen, da zuvor um 13:00 Uhr die A-Jugend des 1. FC Saarbr\u00fccken gegen den 1. FC N\u00fcrnberg am Franzenhaus spielt. \u00a0\u00a0F\u00fcr die Heimspiele unserer Spvgg gibt es einen Liveticker. Die Links gibt es am Ende des Berichts.<\/strong><\/p>\n<p><span style=\"text-decoration: underline\"><strong>27.Spieltag Verbandsliga S\u00fcdwest 03.05.2015 Spvgg Quierschied \u2013 SV Klarenthal<\/strong><\/span><\/p>\n<p><strong>Der Gegner<\/strong><\/p>\n<p><a href=\"https:\/\/www.spvgg-quierschied.de\/wp-content\/uploads\/2014\/10\/SV-Klarenthal-Logo.jpg\"><img loading=\"lazy\" decoding=\"async\" class=\" size-full wp-image-10267 alignright\" src=\"https:\/\/www.spvgg-quierschied.de\/wp-content\/uploads\/2014\/10\/SV-Klarenthal-Logo.jpg\" alt=\"SV Klarenthal Logo\" width=\"160\" height=\"160\" srcset=\"https:\/\/www.spvgg-quierschied.de\/wp-content\/uploads\/2014\/10\/SV-Klarenthal-Logo.jpg 160w, https:\/\/www.spvgg-quierschied.de\/wp-content\/uploads\/2014\/10\/SV-Klarenthal-Logo-150x150.jpg 150w\" sizes=\"auto, (max-width: 160px) 100vw, 160px\" \/><\/a>Mit dem SV Klarenthal pr\u00e4sentiert sich am Sonntag eine Mannschaft in Quierschied, \u00fcber die in dieser Saison sehr viel gesprochen wurde. Und das \u00fcberwiegend im negativen Sinne. Aus der \u00dcbermannschaft der Hinrunde, die den souver\u00e4nen Titel des Herbstmeisters mit sich brachte, ist in der R\u00fcckrunde niemand mehr an Bord. Nachdem ein Gro\u00dfsponsor sich im Winter\u00a0zur\u00fcckgezogen hatte, verlie\u00dfen alle Spieler der 1. Mannschaft\u00a0den Verein. Als Notl\u00f6sung sprang die 2. Mannschaft ein, um die Saison zu Ende spielen zu k\u00f6nnen. Dabei hagelte es mehrfach zweistellige Niederlagen. Mittlerweile ist der SV Klarenthal weit von der Tabellenspitze entfernt und ins Mittelfeld abgerutscht.<\/p>\n<p>Mehr Informationen zum Gegner gibt es <a href=\"http:\/\/www.svklarenthal.de\" target=\"_blank\">hier<\/a>.<\/p>\n<p><strong>Unsere Spvgg<\/strong><\/p>\n<p>Unsere Spvgg m\u00f6chte die Saison unter den besten 6 der Liga abschlie\u00dfen. Das w\u00e4re ein erneuter Erfolg unserer Mannschaft. Leider ergaben sich in den letzten Wochen einige Verletzungen. So ist die Saison f\u00fcr Manuel Allard wegen seinem Nasenbeinbruch beendet. Auch Nils Welter wird wegen Rippenbruchs in dieser Runde wahrscheinlich nicht mehr auflaufen k\u00f6nnen. Hinter Jens Lorang und Pascal Bernd (beide Knieprobleme) steht ebenfalls ein Fragezeichen am Sonntag. Das ergibt aber die Chance f\u00fcr die Spieler hintendran um zu Einsatzzeiten zu kommen. Gegen Klarenthal ist unsere Mannschaft klarer Favorit. Unsere Truppe will den Zuschauern im vorletzten Heimspiel Spa\u00df verspr\u00fchen und noch einmal Laune auf die restlichen Spiele in der ersten Verbandsligasaison machen.<\/p>\n<p><strong>Die Liga<\/strong><\/p>\n<p>In Riegelsberg kommt es am Sonntag zum Spitzenspiel zwischen dem Tabellenersten FC Riegelsberg und dem Dritten SG Perl-Besch. Nutznie\u00dfer k\u00f6nnte der TuS Herrensohr als Zweiter werden, doch Kaltnaggisch hat mit der FSG Bous auch nicht gerade Laufkundschaft zuhause.<\/p>\n<p><span style=\"text-decoration: underline\"><strong>27.Spieltag KL A\/B Halberg 02.05.2015 Spvgg Quierschied \u2013 DJK 08 Rastpfuhl<\/strong><\/span><\/p>\n<p>Unsere 2. Mannschaft war der Gewinner des letzten Spieltags. Mittlerweile betr\u00e4gt der Vorsprung auf den 2. Tabellenplatz 6 Punkte. Erreicht ist aber noch nichts, es gilt weiterhin voll konzentriert zu bleiben! Am Samstag gastiert der Tabellensiebte DJK Rastpfuhl-Ru\u00dfh\u00fctte am Franzenhaus. Noch 7 Punkte und die Spvgg hat den Bezirksliga-Aufstieg in der Tasche. Diese Ausgangslage sollte unsere Jungs befl\u00fcgeln. \u00a0Der ganze Verein fiebert mit und so hoffen wir auf den n\u00e4chsten gro\u00dfen Schritt am Samstag.<\/p>\n<p>\u00c4hnlich sieht es bei unserer 3. Mannschaft aus. Auch sie hat das gro\u00dfe Ziel dicht vor den Augen. Unsere Dritte muss nur noch 2 Spiele absolvieren und will am Samstag um 16:45 Uhr gegen die Reserve der DJK den vorletzten Schritt in Richtung Titel machen!<\/p>\n<p>Mehr Informationen zum Gegner gibt es <a href=\"http:\/\/www.djk08rastpfuhl.de\" target=\"_blank\">hier<\/a>.<\/p>\n<p><strong>Die letzten Heimspiele der Saison 2014\/2015 stehen an. Auch wenn die\u00a0Begegnungen wegen des FCS A\u2013Jugendspiels gesplittet wurden, hoffen unsere Aktiven am Samstag und Sonntag auf viele Fans am Franzenhaus! Viele weitere Infos zum 27. Spieltag gibt es in unserem Stadionheft &#8222;Wambebl\u00e4ttche&#8220;.<\/strong><\/p>\n<p><a href=\"https:\/\/www.fupa.net\/spielberichte\/spvgg-quierschied-sv-klarenthal-1493809.html\" target=\"_blank\">Hier geht es zum Liveticker der 1. Mannschaft<\/a> (Sonntag ab 16:45 Uhr)<\/p>\n<p><a href=\"https:\/\/www.fupa.net\/spielberichte\/spvgg-quierschied-djk-08-rastpfuhl-russhuette-1554474.html\" target=\"_blank\">Hier geht es zum Liveticker der 2. Mannschaft<\/a> (Samstag ab 15:00 Uhr)<\/p>\n<p><a href=\"https:\/\/www.fupa.net\/spielberichte\/spvgg-quierschied-djk-08-rastpfuhl-russhuette-1938442.html\" target=\"_blank\">Hier geht es zum Liveticker der 3. Mannschaft<\/a> (Samstag ab 16:45 Uhr)<\/p>\n","protected":false},"excerpt":{"rendered":"<p>Die vorletzten Heimspiele der Saison stehen am ersten Maiwochenende f\u00fcr die Aktiven unserer Spvgg an.\u00a0Den Start machen schon am Samstag unsere 2. und 3. Mannschaft gegen die DJK Rastpfuhl-Ru\u00dfh\u00fctte. Die Zweite spielt um 15:00 Uhr, die Dritte um 16:45 Uhr.\u00a0&hellip;<\/p>\n<p class=\"more-link-p\"><a class=\"more-link\" href=\"https:\/\/www.spvgg-quierschied.de\/?p=11782\">Read more &rarr;<\/a><\/p>\n","protected":false},"author":4,"featured_media":10267,"comment_status":"closed","ping_status":"closed","sticky":false,"template":"","format":"standard","meta":{"footnotes":""},"categories":[5],"tags":[],"class_list":["post-11782","post","type-post","status-publish","format-standard","has-post-thumbnail","hentry","category-aktive"],"_links":{"self":[{"href":"https:\/\/www.spvgg-quierschied.de\/index.php?rest_route=\/wp\/v2\/posts\/11782","targetHints":{"allow":["GET"]}}],"collection":[{"href":"https:\/\/www.spvgg-quierschied.de\/index.php?rest_route=\/wp\/v2\/posts"}],"about":[{"href":"https:\/\/www.spvgg-quierschied.de\/index.php?rest_route=\/wp\/v2\/types\/post"}],"author":[{"embeddable":true,"href":"https:\/\/www.spvgg-quierschied.de\/index.php?rest_route=\/wp\/v2\/users\/4"}],"replies":[{"embeddable":true,"href":"https:\/\/www.spvgg-quierschied.de\/index.php?rest_route=%2Fwp%2Fv2%2Fcomments&post=11782"}],"version-history":[{"count":6,"href":"https:\/\/www.spvgg-quierschied.de\/index.php?rest_route=\/wp\/v2\/posts\/11782\/revisions"}],"predecessor-version":[{"id":11788,"href":"https:\/\/www.spvgg-quierschied.de\/index.php?rest_route=\/wp\/v2\/posts\/11782\/revisions\/11788"}],"wp:featuredmedia":[{"embeddable":true,"href":"https:\/\/www.spvgg-quierschied.de\/index.php?rest_route=\/wp\/v2\/media\/10267"}],"wp:attachment":[{"href":"https:\/\/www.spvgg-quierschied.de\/index.php?rest_route=%2Fwp%2Fv2%2Fmedia&parent=11782"}],"wp:term":[{"taxonomy":"category","embeddable":true,"href":"https:\/\/www.spvgg-quierschied.de\/index.php?rest_route=%2Fwp%2Fv2%2Fcategories&post=11782"},{"taxonomy":"post_tag","embeddable":true,"href":"https:\/\/www.spvgg-quierschied.de\/index.php?rest_route=%2Fwp%2Fv2%2Ftags&post=11782"}],"curies":[{"name":"wp","href":"https:\/\/api.w.org\/{rel}","templated":true}]}}