{"id":11680,"date":"2015-04-13T06:28:31","date_gmt":"2015-04-13T04:28:31","guid":{"rendered":"http:\/\/www.spvgg-quierschied.de\/?p=11680"},"modified":"2015-04-13T17:21:38","modified_gmt":"2015-04-13T15:21:38","slug":"61-sieg-gegen-den-ufc-wacker","status":"publish","type":"post","link":"https:\/\/www.spvgg-quierschied.de\/?p=11680","title":{"rendered":"Tabellenf\u00fchrung verteidigt! 6:1 gegen Wacker"},"content":{"rendered":"<p style=\"text-align: justify\"><strong>Am Ende war man froh \u00fcber die drei Punkte. Das war das Fazit nach einem m\u00e4\u00dfigen Spiel vor erneut toller Kulisse bei sch\u00f6nem Fr\u00fchlingswetter.<br \/>\n<\/strong><\/p>\n<p style=\"text-align: justify\">Von den drei Heimspielerfolgen in den letzten zehn Tagen und dem guten Fu\u00dfball, den unsere Zweite dabei bot, sah man an diesem Sonntag gegen den UFC Wacker nicht viel. Es zeichnete sich schnell ab, dass die Eiler-Elf zwar das Spiel bestimmen, allerdings kaum Chancen nutzen und die Partie fr\u00fch entscheiden konnte.<\/p>\n<p>Das Spiel wurde er\u00f6ffnet durch einen satten Schuss von Jungspund Jonas M\u00fcller zum 1:0. Kurz darauf erh\u00f6hte der f\u00fcr den verletzten Breier ins Spiel gekommene Heckmann nach Vorarbeit von Kadrija auf 2:0. Und Philipp Romang konnte sich selbst mit einem Treffer belohnen. Er tankte sich durch zwei gegnerische Spieler und erzielte nach einem Doppelpass mit Hecki das 3:0. Au\u00dfer den Toren sahen die Quierschieder Fans in der ersten H\u00e4lfte einige gute M\u00f6glichkeiten, mit denen die Spieler zu fahrl\u00e4ssig umgegangen sind und insgesamt einen sehr lethargischen Auftritt. Kurz vor dem Abpfiff sorgte ein kurioses Eigentor letzten Endes zum Pausenstand. Dieses passte zum bisherigen Spielverlauf.<\/p>\n<p>In der zweiten H\u00e4lfte wurde das Spiel nicht sch\u00f6ner. Die aufopferungsvoll k\u00e4mpfenden G\u00e4ste, die zum Teil mit Spielern aus ihrer zweiten Garde antreten mussten, hielten gut dagegen und vor allem der Torh\u00fcter konnte sich einige Male auszeichnen. Nico Noss war es schlie\u00dflich, der nach tollem Pass in den Lauf von M\u00fcller das 4:1 besorgen konnte. Daran schlossen sich in den letzten Minuten noch zwei Heckmann-Tore an, nach Vorlagen von Jonas M\u00fcller und Philipp Romang. 6:1 hie\u00df der Endstand nach diesem lauen Kick. Am Sonntag reist unsere &#8222;Zw\u00e4dd&#8220; nun nach Dudweiler und muss gegen Bosna Saar ein anderes Gesicht zeigen, um den Platz an der Sonne verteidigen zu k\u00f6nnen.<\/p>\n<p>&nbsp;<\/p>\n<p><strong>24. Spieltag &#8211;\u00a0KL A Halberg, 13.04.15: Spvgg Quierschied II &#8211; UFC Wacker Saarbr\u00fccken 6:1 (3:1)<\/strong><\/p>\n<p>Spvgg: Eickhoff, Kuntz (46. Klein), Schlicker, Leo T., Bernarding, Schank, Romang, M\u00fcller, Breier (15. Heckmann), Wirth, Kadrija (46. Noss)<\/p>\n<p>Tore: 1:0 (12. M\u00fcller), 2:0 (21. Heckmann), 3:0 (34. Romang), 3:1 (45. Eigentor), 4:1 (69. Noss), 5:1 (81. Heckmann), 6:1 (88. Heckmann)<\/p>\n","protected":false},"excerpt":{"rendered":"<p>Am Ende war man froh \u00fcber die drei Punkte. Das war das Fazit nach einem m\u00e4\u00dfigen Spiel vor erneut toller Kulisse bei sch\u00f6nem Fr\u00fchlingswetter. Von den drei Heimspielerfolgen in den letzten zehn Tagen und dem guten Fu\u00dfball, den unsere Zweite&hellip;<\/p>\n<p class=\"more-link-p\"><a class=\"more-link\" href=\"https:\/\/www.spvgg-quierschied.de\/?p=11680\">Read more &rarr;<\/a><\/p>\n","protected":false},"author":8,"featured_media":0,"comment_status":"closed","ping_status":"closed","sticky":false,"template":"","format":"standard","meta":{"footnotes":""},"categories":[9],"tags":[],"class_list":["post-11680","post","type-post","status-publish","format-standard","hentry","category-2-mannschaft"],"_links":{"self":[{"href":"https:\/\/www.spvgg-quierschied.de\/index.php?rest_route=\/wp\/v2\/posts\/11680","targetHints":{"allow":["GET"]}}],"collection":[{"href":"https:\/\/www.spvgg-quierschied.de\/index.php?rest_route=\/wp\/v2\/posts"}],"about":[{"href":"https:\/\/www.spvgg-quierschied.de\/index.php?rest_route=\/wp\/v2\/types\/post"}],"author":[{"embeddable":true,"href":"https:\/\/www.spvgg-quierschied.de\/index.php?rest_route=\/wp\/v2\/users\/8"}],"replies":[{"embeddable":true,"href":"https:\/\/www.spvgg-quierschied.de\/index.php?rest_route=%2Fwp%2Fv2%2Fcomments&post=11680"}],"version-history":[{"count":3,"href":"https:\/\/www.spvgg-quierschied.de\/index.php?rest_route=\/wp\/v2\/posts\/11680\/revisions"}],"predecessor-version":[{"id":11688,"href":"https:\/\/www.spvgg-quierschied.de\/index.php?rest_route=\/wp\/v2\/posts\/11680\/revisions\/11688"}],"wp:attachment":[{"href":"https:\/\/www.spvgg-quierschied.de\/index.php?rest_route=%2Fwp%2Fv2%2Fmedia&parent=11680"}],"wp:term":[{"taxonomy":"category","embeddable":true,"href":"https:\/\/www.spvgg-quierschied.de\/index.php?rest_route=%2Fwp%2Fv2%2Fcategories&post=11680"},{"taxonomy":"post_tag","embeddable":true,"href":"https:\/\/www.spvgg-quierschied.de\/index.php?rest_route=%2Fwp%2Fv2%2Ftags&post=11680"}],"curies":[{"name":"wp","href":"https:\/\/api.w.org\/{rel}","templated":true}]}}