{"id":11634,"date":"2015-04-10T11:35:22","date_gmt":"2015-04-10T09:35:22","guid":{"rendered":"http:\/\/www.spvgg-quierschied.de\/?p=11634"},"modified":"2015-04-10T11:41:12","modified_gmt":"2015-04-10T09:41:12","slug":"zweite-mit-nachholspiel-am-donnerstag","status":"publish","type":"post","link":"https:\/\/www.spvgg-quierschied.de\/?p=11634","title":{"rendered":"Drei Heimspiele am Sonntag"},"content":{"rendered":"<p><strong>Am Sonntag ist\u00a0wieder Gro\u00dfkampftag am Franzenhaus. Die 1. Mannschaft spielt um 16:45 Uhr gegen den FV 08 P\u00fcttlingen. Die 2. und 3. Mannschaft empfangen den UFC Wacker Saarbr\u00fccken (Zweite 15:00 Uhr, Dritte 13:15 Uhr). Am Ende des Berichts gibt\u00a0es die Links f\u00fcr den <span style=\"text-decoration: underline\">Liveticker<\/span> der 1. und 2. Mannschaft.<\/strong><\/p>\n<p><span style=\"text-decoration: underline\"><strong>24. Spieltag Verbandsliga S\u00fcdwest 12.04.15 16:45 Uhr Spvgg Quierschied &#8211; FV 08 P\u00fcttlingen<\/strong><\/span><\/p>\n<p><strong>Der Gegner<\/strong><\/p>\n<div id=\"attachment_1480\" style=\"width: 110px\" class=\"wp-caption alignright\"><a href=\"https:\/\/www.spvgg-quierschied.de\/wp-content\/uploads\/2011\/10\/Logo-FV-P\u00fcttlingen.jpg\"><img loading=\"lazy\" decoding=\"async\" aria-describedby=\"caption-attachment-1480\" class=\"size-full wp-image-1480\" src=\"https:\/\/www.spvgg-quierschied.de\/wp-content\/uploads\/2011\/10\/Logo-FV-P\u00fcttlingen.jpg\" alt=\"Quelle: AG P\u00fcttlinger Fussballvereine.\" width=\"100\" height=\"100\" \/><\/a><p id=\"caption-attachment-1480\" class=\"wp-caption-text\">Quelle: AG P\u00fcttlinger Fussballvereine.<\/p><\/div>\n<p>Der FV 08 P\u00fcttlingen wird von Spielertrainer Michael Alff trainiert. Die G\u00e4ste kommen als Tabellendreizehnter am Sonntag ans Franzenhaus. Im Winter r\u00fcstete P\u00fcttlingen im Kampf um den Klassenerhalt auf und holte mit Sascha Arand (Hangard), Marco Klein (Brebach) und Mirco Becker (Klarenthal) drei neue Spieler in den Jungenwald. Nachdem es zun\u00e4chst nicht ganz so rund lief wurden in den letzten Spielen einige respektable Ergebnisse erzielt. So holte der FV P\u00fcttlingen in Herrensohr ein 3:3 Unentschieden. Und dies nach einem 0:3 R\u00fcckstand. Und auch die beiden darauf folgenden Spiele gegen die SF Bachem (6:0) und FC Rastpfuhl (4:1) wurden gewonnen. <a href=\"https:\/\/www.spvgg-quierschied.de\/?p=10124\">Im Hinspiel<\/a> gewann der letztj\u00e4hrige Meister der Landesliga S\u00fcd gegen die Wambe mit 3:1.<\/p>\n<p>Mehr Informationen zum\u00a0FV P\u00fcttlingen\u00a0gibt es <a href=\"http:\/\/www.fv08puettlingen.de\/\" target=\"_blank\">hier<\/a><\/p>\n<p><strong>Unsere Spvgg<\/strong><\/p>\n<p>Wie unsere G\u00e4ste am Sonntag ist auch die Truppe von Trainer Markus Woll seit drei Spielen ungeschlagen. Und dies trotz zweier Ausw\u00e4rtsspiele. Endlich konnten die Wambe auch mal wieder in der Fremde gewinnen. Jetzt gilt es gegen den Mitaufsteiger zuhause nachzulegen. Der Abstand auf die hinteren Pl\u00e4tze kann vergr\u00f6\u00dfert werden und bei guten Ergebnissen auf den anderen Pl\u00e4tzen Boden im engen Mittelfeld gut gemacht werden. In den beiden Spielen danach muss die Woll-Elf zweimal ausw\u00e4rts ran, Grund genug also zuhause noch einmal einen Dreier einzufahren.<\/p>\n<p><strong>Die Liga<\/strong><\/p>\n<p>Weiterhin gibt es an der Tabellenspitze ein Kopf-an-Kopf-Rennen. Sowohl die SG Perl-Besch (4:2 gegen Losheim) als auch der TuS Herrensohr (6:3 gegen Beauamrais) fuhren zuhause Siege ein. W\u00e4hrend Perl am Sonntag wieder zuhause gegen den FC Rastpfuhl ran darf ist Herrensohr in Klarenthal haushoher Favorit.<\/p>\n<p><span style=\"text-decoration: underline\"><strong>24. Spieltag Kreisliga A\/B Halberg 12.04.15 13:15\/ 15:00 Uhr Spvgg Quierschied &#8211; UFC Wacker Saarbr\u00fccken<\/strong><\/span><\/p>\n<div id=\"attachment_5198\" style=\"width: 110px\" class=\"wp-caption alignright\"><a href=\"https:\/\/www.spvgg-quierschied.de\/wp-content\/uploads\/2012\/09\/UFC-Wacker.jpg\"><img loading=\"lazy\" decoding=\"async\" aria-describedby=\"caption-attachment-5198\" class=\"size-full wp-image-5198\" src=\"https:\/\/www.spvgg-quierschied.de\/wp-content\/uploads\/2012\/09\/UFC-Wacker.jpg\" alt=\"Quelle: www.ufc.wacker.de\" width=\"100\" height=\"100\" \/><\/a><p id=\"caption-attachment-5198\" class=\"wp-caption-text\">Quelle: www.ufc.wacker.de<\/p><\/div>\n<p>Unsere Zweite absolviert am Sonntag ihr viertes Heimspiel in Folge und steht dabei wie im Nachholspiel am Donnerstag (10:1 Sieg gegen den ESV) vor einer Pflichtaufgabe. Gegen den Tabellenf\u00fcnfzehnten darf zuhause nichts anbrennen. <a href=\"https:\/\/www.spvgg-quierschied.de\/?p=10119\">Im Hinspiel <\/a>war es eine klare Sache, die Spvgg gewann mit 8:0. Unsere Jungs wissen jetzt alle um die gro\u00dfe Chance in dieser Saison und werden hoffentlich auch die vermeintlich leichteren Spiele voll konzentriert angehen. Genauso schaut es auch im Vorspiel bei unserer 3. Mannschaft aus. Die Dritte hat zwei Spiele weniger als der Noch-Spitzenreiter FC St. Arnual 2 bestritten und will auch am Sonntag im Kampf um die Meisterschaft nichts anbrennen lassen. In der Hinrunde erhielt unsere Dritte kampflos die 3 Punkte.<\/p>\n<p>Mehr Informationen zum UFC Wacker gibt es <a href=\"http:\/\/www.ufc-wacker.de\/\" target=\"_blank\">hier<\/a><\/p>\n<p><strong>Der drittletzte Heimspieltag in dieser Saison steht an. Bevor es zweimal ausw\u00e4rts zur Sache geht wollen unsere drei Mannschaften zuhause wieder drei Siege einfahren und hoffen dabei wie immer auf die Unterst\u00fctzung der Wambe-Fans!<\/strong><\/p>\n<p><a href=\"https:\/\/www.fupa.net\/spielberichte\/spvgg-quierschied-ufc-wacker-1554453.html\" target=\"_blank\">Hier gibt es am Sonntag ab 15:00 Uhr einen Liveticker der 2. Mannschaft<\/a><\/p>\n<p><a href=\"https:\/\/www.fupa.net\/spielberichte\/spvgg-quierschied-fv-puettlingen-1493788.html\" target=\"_blank\">Hier gibt es am Sonntag ab 16:45 Uhr einen Liveticker der 1. Mannschaft<\/a><\/p>\n<p>&nbsp;<\/p>\n","protected":false},"excerpt":{"rendered":"<p>Am Sonntag ist\u00a0wieder Gro\u00dfkampftag am Franzenhaus. Die 1. Mannschaft spielt um 16:45 Uhr gegen den FV 08 P\u00fcttlingen. Die 2. und 3. Mannschaft empfangen den UFC Wacker Saarbr\u00fccken (Zweite 15:00 Uhr, Dritte 13:15 Uhr). Am Ende des Berichts gibt\u00a0es die&hellip;<\/p>\n<p class=\"more-link-p\"><a class=\"more-link\" href=\"https:\/\/www.spvgg-quierschied.de\/?p=11634\">Read more &rarr;<\/a><\/p>\n","protected":false},"author":4,"featured_media":1480,"comment_status":"closed","ping_status":"closed","sticky":false,"template":"","format":"standard","meta":{"footnotes":""},"categories":[5],"tags":[],"class_list":["post-11634","post","type-post","status-publish","format-standard","has-post-thumbnail","hentry","category-aktive"],"_links":{"self":[{"href":"https:\/\/www.spvgg-quierschied.de\/index.php?rest_route=\/wp\/v2\/posts\/11634","targetHints":{"allow":["GET"]}}],"collection":[{"href":"https:\/\/www.spvgg-quierschied.de\/index.php?rest_route=\/wp\/v2\/posts"}],"about":[{"href":"https:\/\/www.spvgg-quierschied.de\/index.php?rest_route=\/wp\/v2\/types\/post"}],"author":[{"embeddable":true,"href":"https:\/\/www.spvgg-quierschied.de\/index.php?rest_route=\/wp\/v2\/users\/4"}],"replies":[{"embeddable":true,"href":"https:\/\/www.spvgg-quierschied.de\/index.php?rest_route=%2Fwp%2Fv2%2Fcomments&post=11634"}],"version-history":[{"count":13,"href":"https:\/\/www.spvgg-quierschied.de\/index.php?rest_route=\/wp\/v2\/posts\/11634\/revisions"}],"predecessor-version":[{"id":11665,"href":"https:\/\/www.spvgg-quierschied.de\/index.php?rest_route=\/wp\/v2\/posts\/11634\/revisions\/11665"}],"wp:featuredmedia":[{"embeddable":true,"href":"https:\/\/www.spvgg-quierschied.de\/index.php?rest_route=\/wp\/v2\/media\/1480"}],"wp:attachment":[{"href":"https:\/\/www.spvgg-quierschied.de\/index.php?rest_route=%2Fwp%2Fv2%2Fmedia&parent=11634"}],"wp:term":[{"taxonomy":"category","embeddable":true,"href":"https:\/\/www.spvgg-quierschied.de\/index.php?rest_route=%2Fwp%2Fv2%2Fcategories&post=11634"},{"taxonomy":"post_tag","embeddable":true,"href":"https:\/\/www.spvgg-quierschied.de\/index.php?rest_route=%2Fwp%2Fv2%2Ftags&post=11634"}],"curies":[{"name":"wp","href":"https:\/\/api.w.org\/{rel}","templated":true}]}}