{"id":11488,"date":"2015-03-31T11:11:15","date_gmt":"2015-03-31T09:11:15","guid":{"rendered":"http:\/\/www.spvgg-quierschied.de\/?p=11488"},"modified":"2015-03-27T21:38:56","modified_gmt":"2015-03-27T20:38:56","slug":"spvgg-meldet-team-fuer-neue-frauen-maennerrunde","status":"publish","type":"post","link":"https:\/\/www.spvgg-quierschied.de\/?p=11488","title":{"rendered":"Spvgg. meldet Team f\u00fcr neue Frauen-M\u00e4nnerrunde"},"content":{"rendered":"<p>Die Spvgg. Quierschied ist offen f\u00fcr neue Ideen und Impulse des Saarl\u00e4nfischen Fu\u00dfball-Verbandes (SFV). Die gesellschaftliche Entwicklung in Deutschland zwingt die Landessportverb\u00e4nde zum Handeln &#8211; und wir machen mit! In der letzten Vorstandssitzung am 24. M\u00e4rz dieses Jahres beschloss unser Vorstand bei nur einer Enthaltung, dass unsere Spvgg. zur Spielzeit 2015\/2016 eine vierte aktive Mannschaft ins Rennen schicken wird. Aufgrund der Erfolge unserer drei Mannschaften in der laufenden Saison und der guten Situation im Nachwuchsbereich mit zahlreichen nachr\u00fcckenden A-Jugendlichen macht die Spvgg. von einer neu geschaffenen M\u00f6glichkeit des SFV Gebrauch und meldet eine Mannschaft f\u00fcr die sogenannte &#8222;Mixed-Runde&#8220; des SFV (nach \u00a769 der Spielordnung des SFV zu nicht-aufstiegsberechtigten Mannschaften). Vereine, die f\u00fcr eine weitere aktive Mannschaft zu viele, aber f\u00fcr die aktuelle Anzahl gemeldeter Mannschaften zu wenige Spieler hat, k\u00f6nnen ein aus Frauen und M\u00e4nnern bestehendes Team zum Spielbetrieb anmelden. Damit erm\u00f6glichen wir unseren Jungs den \u00dcbergang ins Aktivenlager und Spielpraxis in einer attraktiven Liga.<\/p>\n<p>Ohnehin wuchsen durch vermehrte R\u00fcckmeldungen aus dem engeren Vereinsumfeld due \u00dcberlegungen, nach Jahren wieder ein Frauenfu\u00dfball-Team anzumelden. F\u00fcr eine reine Frauenmannschaft reichte die Zahl der Interessierten nicht und so kam eines zum anderen: Susanne Wagner, Claudia M\u00fcller\u00a0und Sabine Fernser taten sich bei der Suche nach Mitspielerinnen besonders engagiert hervor. Wenig \u00dcberzeugungsarbeit mussten sie bei Torfrau Anne Schmidt leisten, schon etwas mehr bei der angehenden St\u00fcrmerin Birgit Giebels. Zun\u00e4chst als Trainer, sp\u00e4ter m\u00f6glicherweise als Spielertrainer unserer 4. Mannschaft wird der derzeit verletzte Torwart der 1. Mannschaft\u00a0Kai Berrang. Gemeinsam mit Sportausschuss Christian Haas wird er ab 17. April erste Schnuppertrainings leiten. Diese finden freitags ab 21:00 Uhr auf unserem Kunstrasenplatz statt. Schafft Berrang den Sprung zur\u00fcck in eine der ersten drei Teams, wird Spielf\u00fchrerin Susanne Wagner als Spielerinnentrainerin fungieren. Besonders erfreulich: Mit &#8222;Oma&#8220; Dillenburger und Horst Riesch haben sich bereits Betreuer f\u00fcr unser neues Team gefunden. Wir w\u00fcrden uns freuen, wenn unsere Fans &#8211; und vielleicht auch der eine oder andere Sponsor &#8211; diese neue und moderne Form des Fu\u00dfballs ebenso unterst\u00fctzen w\u00fcrden, wie die traditionelle.<\/p>\n<p><a href=\"https:\/\/www.spvgg-quierschied.de\/wp-content\/uploads\/2014\/04\/Erste-bei-FC-Phoenix-Kleinblittersdorf-21.04.2014-Foto_-Willi-Jost-Teil-II-051.jpg\"><img loading=\"lazy\" decoding=\"async\" class=\"alignright size-medium wp-image-8466\" src=\"https:\/\/www.spvgg-quierschied.de\/wp-content\/uploads\/2014\/04\/Erste-bei-FC-Phoenix-Kleinblittersdorf-21.04.2014-Foto_-Willi-Jost-Teil-II-051-195x300.jpg\" alt=\"Erste bei FC Phoenix Kleinblittersdorf 21.04.2014 Foto_ Willi Jost Teil II 051\" width=\"195\" height=\"300\" srcset=\"https:\/\/www.spvgg-quierschied.de\/wp-content\/uploads\/2014\/04\/Erste-bei-FC-Phoenix-Kleinblittersdorf-21.04.2014-Foto_-Willi-Jost-Teil-II-051-195x300.jpg 195w, https:\/\/www.spvgg-quierschied.de\/wp-content\/uploads\/2014\/04\/Erste-bei-FC-Phoenix-Kleinblittersdorf-21.04.2014-Foto_-Willi-Jost-Teil-II-051.jpg 608w\" sizes=\"auto, (max-width: 195px) 100vw, 195px\" \/><\/a>&#8222;Ich freue mich sehr auf diese neue Herausforderung und dar\u00fcber, dass unser Verein als einer der ersten die Zeichen der Zeit erkannt hat&#8220;, sagt Kai Berrang, &#8222;Wenn alle sp\u00e4ter so mitziehen, wie sie es im Vorfeld versprochen haben, wird dieses Projekt ein voller Erfolg. In unserer ersten Saison streben wir einen gesicherten Mittelfeldplatz an, um ein Jahr sp\u00e4ter die einstelligen Pl\u00e4tze anzugreifen. Das Potenzial daf\u00fcr haben wir allemal.&#8220; Auch &#8222;Sanne&#8220; Wagner gibt sich zuversichtlich: &#8222;Wir tr\u00e4umen schon seit langem davon, eine Mannschaft auf die Beine zu stellen. Leider hat das bisher nicht geklappt. Die neue M\u00f6glichkeit des SFV ist zeitgem\u00e4\u00df und wird den Fu\u00dfball im Saarland auf Jahre hin ver\u00e4ndern.&#8220;<\/p>\n<div id=\"attachment_1992\" style=\"width: 229px\" class=\"wp-caption alignleft\"><a href=\"https:\/\/www.spvgg-quierschied.de\/wp-content\/uploads\/2011\/08\/Lutz-Maurer.jpg\"><img loading=\"lazy\" decoding=\"async\" aria-describedby=\"caption-attachment-1992\" class=\"size-medium wp-image-1992\" src=\"https:\/\/www.spvgg-quierschied.de\/wp-content\/uploads\/2011\/08\/Lutz-Maurer-219x300.jpg\" alt=\"1. Vorsitzender: Lutz Maurer\" width=\"219\" height=\"300\" srcset=\"https:\/\/www.spvgg-quierschied.de\/wp-content\/uploads\/2011\/08\/Lutz-Maurer-219x300.jpg 219w, https:\/\/www.spvgg-quierschied.de\/wp-content\/uploads\/2011\/08\/Lutz-Maurer.jpg 365w\" sizes=\"auto, (max-width: 219px) 100vw, 219px\" \/><\/a><p id=\"caption-attachment-1992\" class=\"wp-caption-text\">1. Vorsitzender: Lutz Maurer<\/p><\/div>\n<p>Das sieht auch Lutz Maurer so: &#8222;Nat\u00fcrlich ist das f\u00fcr uns alle Neuland und wirkt auf den ersten Blick befremdlich. Aber \u00e4hnliche Projekte im s\u00e4chsischen Fu\u00dfballverband und Brandenburg haben gezeigt, dass dies eine L\u00f6sung auf die kommenden Probleme des Demografischen Wandels sein kann. Ich freue mich, dass wir als Spvgg. Quierschied schon fr\u00fch dabei sind und bedanke mich bei allen Beteiligten f\u00fcr ihr gro\u00dfes Engagement.&#8220;<\/p>\n<p>Ein erstes Testspiel unserer &#8222;Shemen&#8220; findet am 2. Mai um 9.30 Uhr auf dem Kunstrasenplatz im FC-Sportfeld gegen die 2. Frauenmannschaft des 1. FC Saarbr\u00fccken statt.<\/p>\n","protected":false},"excerpt":{"rendered":"<p>Die Spvgg. Quierschied ist offen f\u00fcr neue Ideen und Impulse des Saarl\u00e4nfischen Fu\u00dfball-Verbandes (SFV). Die gesellschaftliche Entwicklung in Deutschland zwingt die Landessportverb\u00e4nde zum Handeln &#8211; und wir machen mit! In der letzten Vorstandssitzung am 24. M\u00e4rz dieses Jahres beschloss unser&hellip;<\/p>\n<p class=\"more-link-p\"><a class=\"more-link\" href=\"https:\/\/www.spvgg-quierschied.de\/?p=11488\">Read more &rarr;<\/a><\/p>\n","protected":false},"author":1,"featured_media":8466,"comment_status":"closed","ping_status":"closed","sticky":false,"template":"","format":"standard","meta":{"footnotes":""},"categories":[7],"tags":[],"class_list":["post-11488","post","type-post","status-publish","format-standard","has-post-thumbnail","hentry","category-vorstand"],"_links":{"self":[{"href":"https:\/\/www.spvgg-quierschied.de\/index.php?rest_route=\/wp\/v2\/posts\/11488","targetHints":{"allow":["GET"]}}],"collection":[{"href":"https:\/\/www.spvgg-quierschied.de\/index.php?rest_route=\/wp\/v2\/posts"}],"about":[{"href":"https:\/\/www.spvgg-quierschied.de\/index.php?rest_route=\/wp\/v2\/types\/post"}],"author":[{"embeddable":true,"href":"https:\/\/www.spvgg-quierschied.de\/index.php?rest_route=\/wp\/v2\/users\/1"}],"replies":[{"embeddable":true,"href":"https:\/\/www.spvgg-quierschied.de\/index.php?rest_route=%2Fwp%2Fv2%2Fcomments&post=11488"}],"version-history":[{"count":1,"href":"https:\/\/www.spvgg-quierschied.de\/index.php?rest_route=\/wp\/v2\/posts\/11488\/revisions"}],"predecessor-version":[{"id":11489,"href":"https:\/\/www.spvgg-quierschied.de\/index.php?rest_route=\/wp\/v2\/posts\/11488\/revisions\/11489"}],"wp:featuredmedia":[{"embeddable":true,"href":"https:\/\/www.spvgg-quierschied.de\/index.php?rest_route=\/wp\/v2\/media\/8466"}],"wp:attachment":[{"href":"https:\/\/www.spvgg-quierschied.de\/index.php?rest_route=%2Fwp%2Fv2%2Fmedia&parent=11488"}],"wp:term":[{"taxonomy":"category","embeddable":true,"href":"https:\/\/www.spvgg-quierschied.de\/index.php?rest_route=%2Fwp%2Fv2%2Fcategories&post=11488"},{"taxonomy":"post_tag","embeddable":true,"href":"https:\/\/www.spvgg-quierschied.de\/index.php?rest_route=%2Fwp%2Fv2%2Ftags&post=11488"}],"curies":[{"name":"wp","href":"https:\/\/api.w.org\/{rel}","templated":true}]}}