{"id":11299,"date":"2015-03-11T22:17:05","date_gmt":"2015-03-11T21:17:05","guid":{"rendered":"http:\/\/www.spvgg-quierschied.de\/?p=11299"},"modified":"2015-03-11T22:27:10","modified_gmt":"2015-03-11T21:27:10","slug":"jetzt-heisst-es-nachlegen-spvgg","status":"publish","type":"post","link":"https:\/\/www.spvgg-quierschied.de\/?p=11299","title":{"rendered":"Jetzt hei\u00dft es nachlegen, Spvgg!"},"content":{"rendered":"<p><strong>Nach dem \u00fcberaus erfolgreichen letzten Heimspiel-Wochenende treten unsere\u00a0 Aktiven der Spvgg Quierschied am Sonntag wieder Ausw\u00e4rts an. Die 1. Mannschaft spielt um 15 Uhr in Limbach bei Schmelz gegen die FSG Schmelz-Limbach. Die 2. und 3. Mannschaften gastieren bei der DJK Burbach (Zweite 15 Uhr, Dritte 13:15 Uhr). F\u00fcr das Spiel der Erschd gibt es am Sonntag <a href=\"https:\/\/www.fupa.net\/spielberichte\/fsg-schmelz-limbach-spvgg-quierschied-1493747.html\" target=\"_blank\">hier einen Liveticker<\/a>.<\/strong><\/p>\n<p><span style=\"text-decoration: underline\"><strong>19.Spieltag Verbandsliga S\u00fcdwest 15.03.2015 15:00 Uhr FSG Schmelz-Limbach \u2013 Spvgg Quierschied (Kunstrasenplatz des SV Limbach-Dorf, 66839 Schmelz-Limbach Kirschholzstr.)<\/strong><\/span><\/p>\n<p><strong>Der Gegner<\/strong><\/p>\n<div id=\"attachment_9495\" style=\"width: 194px\" class=\"wp-caption alignright\"><a href=\"https:\/\/www.spvgg-quierschied.de\/wp-content\/uploads\/2014\/08\/Wappen-FSG-SchmelzLimbach.jpg\"><img loading=\"lazy\" decoding=\"async\" aria-describedby=\"caption-attachment-9495\" class=\"size-full wp-image-9495\" src=\"https:\/\/www.spvgg-quierschied.de\/wp-content\/uploads\/2014\/08\/Wappen-FSG-SchmelzLimbach.jpg\" alt=\"Quelle: Homepage 1. FC Schmelz\" width=\"184\" height=\"155\" \/><\/a><p id=\"caption-attachment-9495\" class=\"wp-caption-text\">Quelle: Homepage 1. FC Schmelz<\/p><\/div>\n<p>Die Fu\u00dfball-Spielgemeinschaft Schmelz-Limbach besteht aus den beiden Vereinen 1. FC Schmelz und dem SV Limbach Dorf. Trainiert wird die FSG vom Trainerduo Thorsten Sch\u00fctte und Nicola Lalla. Beide fungieren als Spielertrainer. In der kommenden Saison wird Sch\u00fctte alleine verantwortlich sein, da Lalla seinen Vertrag nicht verl\u00e4ngert hat. Momentan steht die FSG mit 27 Punkten auf dem 9. Tabellenplatz. Der 37j\u00e4hrige Lalla ist mit 12\u00a0 Toren bester Torsch\u00fctze seiner Mannschaft. Der Start ins Spieljahr 2015 verlief gut f\u00fcr Schmelz-Limbach, nachdem die erste Partie mit 4:0\u00a0gegen die SF Bachem-Rimlingen gewonnen wurde gab es auch am vergangenen Sonntag einen 3:2 Sieg in P\u00fcttlingen. Dabei lag die FSG mit 0:2 zur Halbzeit zur\u00fcck, zeigte aber im zweiten Abschnitt eine gute Moral.<\/p>\n<p>Mehr Informationen zum Gegner gibt es <a href=\"http:\/\/fsg-schmelz-limbach.de\/\" target=\"_blank\">hier.<\/a><\/p>\n<p><strong>Unsere Spvgg\u00a0<\/strong><\/p>\n<p>Unsere Spvgg erwischte einen perfekten Start in die Restrunde beim\u00a0Heimspiel gegen den FC Brotdorf. Aus einer kompakten Defensive heraus spielten die Wambe sehr geduldig und schalteten zum richtigen Zeitpunkt einen Gang hoch. Diese Kompaktheit und trotzdem stetige Gefahr nach Vorne will man auch am Sonntag auf den Platz bringen. Die Ausw\u00e4rtsbilanz will die Truppe unseres Coachs Markus Woll unbedingt verbessern und zudem will sie versuchen mal eine Serie zu starten. Erfreulicherweise konnte Pietro Santaguida diese Woche ins Training einsteigen, ob es schon f\u00fcr einen Einsatz am kommenden Sonntag reicht muss man abwarten. <a href=\"https:\/\/www.spvgg-quierschied.de\/?p=9537\">Im Hinspiel gewannen die Wambe mit 6:2 gegen die FSG<\/a>. Gewinnt unsere Mannschaft am Sonntag, h\u00e4tte sie mit 9 Punkten\u00a0einen besseren Start in die R\u00fcck- als in die Hinrunde hingelegt. Und das obwohl die Partie gegen Perl\/Besch\u00a0noch gar nicht stattfand und noch\u00a0nachgeholt werden muss (Mittwoch, 25.03 in Perl). Dieser tolle Start ist noch ein Wunschgedanke, aber vielleicht wird er schon am Sonntag zur Realit\u00e4t&#8230;<\/p>\n<p><strong>Die Liga<\/strong><\/p>\n<p>Der FC Rastpfuhl steht Kopf! Mit dem 2:1 Sieg in Karlsbrunn konnte die im Winter verst\u00e4rkte Mannschaft den ersten Erfolg in dieser Spielzeit feiern. Der FCR ist jetzt drauf und dran die SF Bachem-Rimlingen (auf dem vorletzten Platz) zu \u00fcberholen. Man darf jetzt gespannt sein wie Rastpfuhl sich am Sonntag gegen Herrensohr verkaufen wird. Eine kleine \u00dcberraschung gab es in Beaumarais. Die Gastgeber gewannen \u00fcberraschend deutlich gegen die SG Perl-Besch mit 6:2. Der SV Klarenthal h\u00e4lt seine Niederlagen bisher in Grenzen, beim 0:3 gegen den SV Losheim wehrte man sich mit aller\u00a0Macht gegen eine h\u00f6here Niederlage.<\/p>\n<p><span style=\"text-decoration: underline\"><strong>19.Spieltag KL A\/B Halberg 15.03.2015 13:15\/15:00 Uhr DJK Burbach \u2013 Spvgg Quierschied<\/strong><\/span><\/p>\n<div id=\"attachment_9496\" style=\"width: 114px\" class=\"wp-caption alignright\"><a href=\"https:\/\/www.spvgg-quierschied.de\/wp-content\/uploads\/2014\/08\/WappenDJk-Burbach.jpg\"><img loading=\"lazy\" decoding=\"async\" aria-describedby=\"caption-attachment-9496\" class=\"size-full wp-image-9496\" src=\"https:\/\/www.spvgg-quierschied.de\/wp-content\/uploads\/2014\/08\/WappenDJk-Burbach.jpg\" alt=\"Quelle: Homepage DJK Burbach\" width=\"104\" height=\"94\" \/><\/a><p id=\"caption-attachment-9496\" class=\"wp-caption-text\">Quelle: Homepage DJK Burbach<\/p><\/div>\n<p>Unsere 2. Mannschaft feierte am Sonntag einen ganz wichtigen Erfolg gegen die DJK Neuweiler und konnte damit den Vorsprung auf den Verfolger auf 6 Punkte erh\u00f6hen. Nun gilt es den Sieg zu vergolden. Auf dem Hartplatz in Burbach ist die richtige Einstellung gefragt. Die DJK Burbach steht auf dem 11. Tabellenplatz. Am vergangenen Wochenende mussten die Burbacher eine empfindliche Niederlage hinnehmen, beim UFC Wacker gab es eine 1:7 Schlappe. Spvgg-Trainer Hans Eiler muss in Burbach\u00a0auf Philipp Romang verzichten, der am Sonntag gegen Neuweiler die rote Karte sah. <a href=\"https:\/\/www.spvgg-quierschied.de\/?p=9555\">Das Hinspiel gewann unsere Zweite mit 4:1 gegen die DJK<\/a>.<\/p>\n<p>Auch unsere Dritte will nach dem Sieg gegen Neuweiler II unbedingt nachlegen. Gegen den Vorletzten der Kreisliga B Halberg ist unsere Mannschaft Favorit, muss aber alles geben um am Ende wie beim<a href=\"https:\/\/www.spvgg-quierschied.de\/?p=9571\"> 6:0 Hinspielsieg <\/a>erfolgreich zu sein.<\/p>\n<p><strong>Unsere Teams hoffen am Sonntag\u00a0auf die Unterst\u00fctzung der Quierschieder Zuschauer !<\/strong><\/p>\n","protected":false},"excerpt":{"rendered":"<p>Nach dem \u00fcberaus erfolgreichen letzten Heimspiel-Wochenende treten unsere\u00a0 Aktiven der Spvgg Quierschied am Sonntag wieder Ausw\u00e4rts an. Die 1. Mannschaft spielt um 15 Uhr in Limbach bei Schmelz gegen die FSG Schmelz-Limbach. Die 2. und 3. Mannschaften gastieren bei der&hellip;<\/p>\n<p class=\"more-link-p\"><a class=\"more-link\" href=\"https:\/\/www.spvgg-quierschied.de\/?p=11299\">Read more &rarr;<\/a><\/p>\n","protected":false},"author":4,"featured_media":9495,"comment_status":"closed","ping_status":"closed","sticky":false,"template":"","format":"standard","meta":{"footnotes":""},"categories":[5],"tags":[],"class_list":["post-11299","post","type-post","status-publish","format-standard","has-post-thumbnail","hentry","category-aktive"],"_links":{"self":[{"href":"https:\/\/www.spvgg-quierschied.de\/index.php?rest_route=\/wp\/v2\/posts\/11299","targetHints":{"allow":["GET"]}}],"collection":[{"href":"https:\/\/www.spvgg-quierschied.de\/index.php?rest_route=\/wp\/v2\/posts"}],"about":[{"href":"https:\/\/www.spvgg-quierschied.de\/index.php?rest_route=\/wp\/v2\/types\/post"}],"author":[{"embeddable":true,"href":"https:\/\/www.spvgg-quierschied.de\/index.php?rest_route=\/wp\/v2\/users\/4"}],"replies":[{"embeddable":true,"href":"https:\/\/www.spvgg-quierschied.de\/index.php?rest_route=%2Fwp%2Fv2%2Fcomments&post=11299"}],"version-history":[{"count":14,"href":"https:\/\/www.spvgg-quierschied.de\/index.php?rest_route=\/wp\/v2\/posts\/11299\/revisions"}],"predecessor-version":[{"id":11315,"href":"https:\/\/www.spvgg-quierschied.de\/index.php?rest_route=\/wp\/v2\/posts\/11299\/revisions\/11315"}],"wp:featuredmedia":[{"embeddable":true,"href":"https:\/\/www.spvgg-quierschied.de\/index.php?rest_route=\/wp\/v2\/media\/9495"}],"wp:attachment":[{"href":"https:\/\/www.spvgg-quierschied.de\/index.php?rest_route=%2Fwp%2Fv2%2Fmedia&parent=11299"}],"wp:term":[{"taxonomy":"category","embeddable":true,"href":"https:\/\/www.spvgg-quierschied.de\/index.php?rest_route=%2Fwp%2Fv2%2Fcategories&post=11299"},{"taxonomy":"post_tag","embeddable":true,"href":"https:\/\/www.spvgg-quierschied.de\/index.php?rest_route=%2Fwp%2Fv2%2Ftags&post=11299"}],"curies":[{"name":"wp","href":"https:\/\/api.w.org\/{rel}","templated":true}]}}