{"id":1064,"date":"2011-09-20T16:02:15","date_gmt":"2011-09-20T16:02:15","guid":{"rendered":"http:\/\/www.spvgg-quierschied.de\/?p=1064"},"modified":"2011-09-20T16:03:09","modified_gmt":"2011-09-20T16:03:09","slug":"a-jugend-gewinnt-spitzenspiel-b-jugend-wieder-c-jugend-immer-noch-siegreich","status":"publish","type":"post","link":"https:\/\/www.spvgg-quierschied.de\/?p=1064","title":{"rendered":"A-Jugend gewinnt Spitzenspiel | B-Jugend gewinnt wieder, C-Jugend sowieso"},"content":{"rendered":"<p><strong>Die A-Jugend der SG Quierschied<\/strong> gewann am vergangenen Wochenende auch das Spitzenspiel ihrer Quali-Gruppe gegen den bis dahin ebenso ungeschlagenen Zweiten SF Saarbr\u00fccken. In Burbach setzte sich die Mannschaft der Trainer Sebastian Zenner und Klaus Leo trotz Verletzungsproblemen und einem 0:1-Pausenr\u00fcckstand mit 3:1 durch. Der aufopferungsvolle Kampf in der zweiten Halbzeit und die Tore von Felix Klauck, Artur Kosjatschenko und Moritz Thom\u00e9 machten den Erfolg trotz des eher gl\u00fccklichen Spielverlaufs zu einem verdienten.<br \/>\n<strong>Die B-Jugend von Kai Berrang und Yannik Eiler<\/strong> hat die Niederlage im Spitzenspiel bei der SG Riegelsberg gut verdaut und siegte am Sonntagmorgen in H\u00fchnerfeld hochverdient mit 14:0. Bemerkenswert: Jonas Elgas, einer der drei C-Jugendlichen, die der ersatzgeschw\u00e4chten B-Jugend aushalfen, erzielte nach seiner Einwechslung 5 Tore. Die weiteren Treffer erzielten Jonas M\u00fcller (vier), Julian Fernsner (drei) und Vincenzo Barbieri (zwei).<br \/>\n<strong>Die von Dirk Gro\u00df trainierte C1-Jugend<\/strong> hat einen Tag vor der B-Jugend ebenfalls beim SC Viktoria H\u00fchnerfeld gewonnen \u2013 mit 4:3. Am Mittwoch davor siegte die C1 auch beim Heimspiel gegen die SG Fechingen II. Beim 7:2 trafen Jonas Elgas f\u00fcnfmal, Jan Gro\u00df und Maximilian Barth je einmal. Die C2 erzielte am Samstag beim 2:5 in Bischmisheim immerhin ihre ersten beiden Saisontore, bleibt aber auch im f\u00fcnften Spiel punktlos. Kopf hoch, Jungs und M\u00e4dels!<br \/>\n<strong>Die D7 der SG Quierschied<\/strong> spielte erst am vergangenen Montagabend, die D9 war zuletzt spielfrei. Das Ergebnis der D7 k\u00f6nnen Sie auf unserer Internetseite nachlesen.<\/p>\n<p>Ausf\u00fchrlichere Spielberichte und mehr Infos unter: <a href=\"http:\/\/www.SG-Quierschied.de\" target=\"_blank\">www.SG-Quierschied.de<\/a>.<\/p>\n<p><span style=\"text-decoration: underline;\">Die n\u00e4chsten Spiele:<\/span><br \/>\nA-Jugend: Samstag, 24.09., 14.45 Uhr SG Quierschied &#8211; SF K\u00f6llerbach II (o.W.)<br \/>\nB-Jugend: Sonntag, 25.09., 10.30 Uhr\u00a0 SG Quierschied &#8211; FC Rastpfuhl<br \/>\nC1-Jugend: Samstag, 24.09., 15.15 Uhr JFG Saar-Halberg III &#8211; SG Quierschied<br \/>\nC2-Jugend: Samstag, 24.09., FC St. Arnual &#8211; SG SVG Quierschied II<br \/>\nD9-Jugend: Samstag, 24.09., 15.15 Uhr SV Eintr. Altenwald \u2013 SG Quierschied und Mittwoch, 28.09., 18.00 Uhr SG Quierschied \u2013 TuS J\u00e4gersfreude<br \/>\nD7-Jugend: Freitag, 23.09., 17.30 Uhr SG Quierschied II &#8211; ATSV Saarbr\u00fccken<\/p>\n","protected":false},"excerpt":{"rendered":"<p>Die A-Jugend der SG Quierschied gewann am vergangenen Wochenende auch das Spitzenspiel ihrer Quali-Gruppe gegen den bis dahin ebenso ungeschlagenen Zweiten SF Saarbr\u00fccken. In Burbach setzte sich die Mannschaft der Trainer Sebastian Zenner und Klaus Leo trotz Verletzungsproblemen und einem&hellip;<\/p>\n<p class=\"more-link-p\"><a class=\"more-link\" href=\"https:\/\/www.spvgg-quierschied.de\/?p=1064\">Read more &rarr;<\/a><\/p>\n","protected":false},"author":1,"featured_media":0,"comment_status":"open","ping_status":"open","sticky":false,"template":"","format":"standard","meta":{"footnotes":""},"categories":[4],"tags":[],"class_list":["post-1064","post","type-post","status-publish","format-standard","hentry","category-jugendabteilung"],"_links":{"self":[{"href":"https:\/\/www.spvgg-quierschied.de\/index.php?rest_route=\/wp\/v2\/posts\/1064","targetHints":{"allow":["GET"]}}],"collection":[{"href":"https:\/\/www.spvgg-quierschied.de\/index.php?rest_route=\/wp\/v2\/posts"}],"about":[{"href":"https:\/\/www.spvgg-quierschied.de\/index.php?rest_route=\/wp\/v2\/types\/post"}],"author":[{"embeddable":true,"href":"https:\/\/www.spvgg-quierschied.de\/index.php?rest_route=\/wp\/v2\/users\/1"}],"replies":[{"embeddable":true,"href":"https:\/\/www.spvgg-quierschied.de\/index.php?rest_route=%2Fwp%2Fv2%2Fcomments&post=1064"}],"version-history":[{"count":2,"href":"https:\/\/www.spvgg-quierschied.de\/index.php?rest_route=\/wp\/v2\/posts\/1064\/revisions"}],"predecessor-version":[{"id":1066,"href":"https:\/\/www.spvgg-quierschied.de\/index.php?rest_route=\/wp\/v2\/posts\/1064\/revisions\/1066"}],"wp:attachment":[{"href":"https:\/\/www.spvgg-quierschied.de\/index.php?rest_route=%2Fwp%2Fv2%2Fmedia&parent=1064"}],"wp:term":[{"taxonomy":"category","embeddable":true,"href":"https:\/\/www.spvgg-quierschied.de\/index.php?rest_route=%2Fwp%2Fv2%2Fcategories&post=1064"},{"taxonomy":"post_tag","embeddable":true,"href":"https:\/\/www.spvgg-quierschied.de\/index.php?rest_route=%2Fwp%2Fv2%2Ftags&post=1064"}],"curies":[{"name":"wp","href":"https:\/\/api.w.org\/{rel}","templated":true}]}}