{"id":10527,"date":"2014-12-03T13:24:31","date_gmt":"2014-12-03T12:24:31","guid":{"rendered":"http:\/\/www.spvgg-quierschied.de\/?p=10527"},"modified":"2014-12-03T16:55:12","modified_gmt":"2014-12-03T15:55:12","slug":"keep-on-rollin","status":"publish","type":"post","link":"https:\/\/www.spvgg-quierschied.de\/?p=10527","title":{"rendered":"MoNIKOLAUerS sagt: Keep on rollin&#8216;!"},"content":{"rendered":"<p><span class=\"userContent\" data-ft=\"{&quot;tn&quot;:&quot;K&quot;}\">Unsere Aktiven haben sich am Sonntag mit drei Siegen erfolgreich in die Winterpause verabschiedet. Der Ball rollt zwar nicht mehr &#8211; jedenfalls nicht mehr &#8222;drau\u00dfen&#8220; auf dem Sportplatz, aber trotzdem wird es auch im Winter nicht ruhig um unsere Sportvereinigung. Hier geben wir einen groben \u00dcberblick \u00fcber unsere Termine im Dezember:<\/span><\/p>\n<p>Samstag, 06.12.2014: <strong><span style=\"color: #ff0000;\">Weihnachtsmarkt<\/span><\/strong> Quierschied mit Stand der Spvgg<br \/>\nSonntag, 07.12.2014: 13:00 Uhr, <span style=\"color: #ff0000;\"><strong>A-Jugend Bundesliga<\/strong><\/span> FCS-VFB Stuttgart <span class=\"text_exposed_show\">am Franzenhaus<br \/>\nMittwoch, 10.12.2014: 19:00 Uhr, unsere <strong><span style=\"color: #ff0000;\">A-Jugend im Saarlandpokal Achtelfinale<\/span><\/strong> gegen die SV 07 Elversberg (gespielt wird in G\u00f6ttelborn)<br \/>\nSamstag, 13.12.2014: Teilnahme der 1. Mannschaft beim <a href=\"http:\/\/volksbankenmasters.de\/?event=sc-huehnerfeld\" target=\"_blank\"><strong><span style=\"color: #ff0000;\">Hallenturnier in Sulzbach<\/span><\/strong><\/a><br \/>\nSonntag, 14.12.2014: 13:00 Uhr, <strong><span style=\"color: #ff0000;\">A-Jugend Bundesliga<\/span> <\/strong>FCS-Eintracht Frankfurt auf unserem Sportplatz am Franzenhaus<br \/>\nSamstag 27.12 bis Montag 29.12.2014: <a href=\"https:\/\/www.spvgg-quierschied.de\/?p=10405\">Steag Cup 2014<\/a> in der Taubenfeldhalle Quierschied<\/span><\/p>\n<p><a href=\"https:\/\/www.spvgg-quierschied.de\/wp-content\/uploads\/2014\/12\/Monikolauers-30.11.2014-Homepage.jpg\"><img loading=\"lazy\" decoding=\"async\" class=\"alignleft size-medium wp-image-10529\" src=\"https:\/\/www.spvgg-quierschied.de\/wp-content\/uploads\/2014\/12\/Monikolauers-30.11.2014-Homepage-148x300.jpg\" alt=\"Monikolauers 30.11.2014 Homepage\" width=\"148\" height=\"300\" srcset=\"https:\/\/www.spvgg-quierschied.de\/wp-content\/uploads\/2014\/12\/Monikolauers-30.11.2014-Homepage-148x300.jpg 148w, https:\/\/www.spvgg-quierschied.de\/wp-content\/uploads\/2014\/12\/Monikolauers-30.11.2014-Homepage-507x1024.jpg 507w, https:\/\/www.spvgg-quierschied.de\/wp-content\/uploads\/2014\/12\/Monikolauers-30.11.2014-Homepage-494x999.jpg 494w, https:\/\/www.spvgg-quierschied.de\/wp-content\/uploads\/2014\/12\/Monikolauers-30.11.2014-Homepage.jpg 594w\" sizes=\"auto, (max-width: 148px) 100vw, 148px\" \/><\/a>Wir w\u00fcrden uns sehr freuen, unsere Fans, Freunde und G\u00f6nner zu diesen Anl\u00e4ssen begr\u00fc\u00dfen zu d\u00fcrfen! Ihnen und Ihren Familien w\u00fcnschen wir und unser &#8222;Monikolaus&#8220; (eine Schwester des bekannteren Nikolaus&#8216;) eine sch\u00f6ne und besinnliche Advents- und Weihnachtszeit!<\/p>\n","protected":false},"excerpt":{"rendered":"<p>Unsere Aktiven haben sich am Sonntag mit drei Siegen erfolgreich in die Winterpause verabschiedet. Der Ball rollt zwar nicht mehr &#8211; jedenfalls nicht mehr &#8222;drau\u00dfen&#8220; auf dem Sportplatz, aber trotzdem wird es auch im Winter nicht ruhig um unsere Sportvereinigung.&hellip;<\/p>\n<p class=\"more-link-p\"><a class=\"more-link\" href=\"https:\/\/www.spvgg-quierschied.de\/?p=10527\">Read more &rarr;<\/a><\/p>\n","protected":false},"author":1,"featured_media":10529,"comment_status":"closed","ping_status":"closed","sticky":false,"template":"","format":"standard","meta":{"footnotes":""},"categories":[7],"tags":[],"class_list":["post-10527","post","type-post","status-publish","format-standard","has-post-thumbnail","hentry","category-vorstand"],"_links":{"self":[{"href":"https:\/\/www.spvgg-quierschied.de\/index.php?rest_route=\/wp\/v2\/posts\/10527","targetHints":{"allow":["GET"]}}],"collection":[{"href":"https:\/\/www.spvgg-quierschied.de\/index.php?rest_route=\/wp\/v2\/posts"}],"about":[{"href":"https:\/\/www.spvgg-quierschied.de\/index.php?rest_route=\/wp\/v2\/types\/post"}],"author":[{"embeddable":true,"href":"https:\/\/www.spvgg-quierschied.de\/index.php?rest_route=\/wp\/v2\/users\/1"}],"replies":[{"embeddable":true,"href":"https:\/\/www.spvgg-quierschied.de\/index.php?rest_route=%2Fwp%2Fv2%2Fcomments&post=10527"}],"version-history":[{"count":4,"href":"https:\/\/www.spvgg-quierschied.de\/index.php?rest_route=\/wp\/v2\/posts\/10527\/revisions"}],"predecessor-version":[{"id":10532,"href":"https:\/\/www.spvgg-quierschied.de\/index.php?rest_route=\/wp\/v2\/posts\/10527\/revisions\/10532"}],"wp:featuredmedia":[{"embeddable":true,"href":"https:\/\/www.spvgg-quierschied.de\/index.php?rest_route=\/wp\/v2\/media\/10529"}],"wp:attachment":[{"href":"https:\/\/www.spvgg-quierschied.de\/index.php?rest_route=%2Fwp%2Fv2%2Fmedia&parent=10527"}],"wp:term":[{"taxonomy":"category","embeddable":true,"href":"https:\/\/www.spvgg-quierschied.de\/index.php?rest_route=%2Fwp%2Fv2%2Fcategories&post=10527"},{"taxonomy":"post_tag","embeddable":true,"href":"https:\/\/www.spvgg-quierschied.de\/index.php?rest_route=%2Fwp%2Fv2%2Ftags&post=10527"}],"curies":[{"name":"wp","href":"https:\/\/api.w.org\/{rel}","templated":true}]}}