{"id":10189,"date":"2014-10-16T15:53:42","date_gmt":"2014-10-16T13:53:42","guid":{"rendered":"http:\/\/www.spvgg-quierschied.de\/?p=10189"},"modified":"2014-10-16T22:27:50","modified_gmt":"2014-10-16T20:27:50","slug":"erneuter-heimspiel-sonntag","status":"publish","type":"post","link":"https:\/\/www.spvgg-quierschied.de\/?p=10189","title":{"rendered":"Erneuter Heimspiel-Sonntag"},"content":{"rendered":"<p><strong>Am kommenden Sonntag finden wie letzte Woche wieder drei Heimspiele f\u00fcr unsere Aktiven der Spvgg Quierschied statt. Den Anfang macht um 13:15 Uhr unsere 2. Mannschaft gegen den FV Matzenberg. Anschlie\u00dfend steigt um 15:00 Uhr das Spiel zwischen unserer 1. Mannschaft und dem TuS Beaumarais. Um 16:45 Uhr spielt dann noch unsere 3. Mannschaft gegen den FV Matzenberg II. Dank der Zustimmung des FV Matzenberg kann die Verbandsligapartie um 15:00 Uhr stattfinden. F\u00fcr alle Spiele gibt es einen <span style=\"text-decoration: underline\">Liveticker<\/span>. Die Links gibt es am Ende des Vorberichts.\u00a0<\/strong><\/p>\n<p><span style=\"text-decoration: underline\"><strong>Verbandsliga S\u00fcdwest 11. Spieltag Spvgg Quierschied &#8211; TuS Beaumarais<\/strong><\/span><\/p>\n<p><strong>Die G\u00e4ste<\/strong><\/p>\n<p><a href=\"https:\/\/www.spvgg-quierschied.de\/wp-content\/uploads\/2014\/10\/TuS-Beaumarais-Wappen.png\"><img loading=\"lazy\" decoding=\"async\" class=\"size-full wp-image-10192 alignleft\" src=\"https:\/\/www.spvgg-quierschied.de\/wp-content\/uploads\/2014\/10\/TuS-Beaumarais-Wappen.png\" alt=\"TuS Beaumarais Wappen\" width=\"100\" height=\"130\" \/><\/a>Mit dem TuS Beaumarais gastiert der Tabellenelfte am Sonntag am Quierschieder Franzenhaus. Die G\u00e4ste werden von Ex-Fu\u00dfballprofi Carsten Birk trainiert, der u.a. f\u00fcr den Karlsruher SC und Greuther F\u00fcrth in der 2. Bundesliga spielte. Birk kam im Sommer von den SF Hostenbach nach Beaumarais. Der TuS stieg in der Saison 2012\/2013 in die Verbandsliga auf und wurde im ersten Jahr gleich Tabellendritter. In dieser Saison\u00a0hat sich die Mannschaft aus dem Saarlouiser Stadtteil einen gesicherten Mittelfeldplatz als Ziel gesetzt. Um diesen zu erreichen muss der TuS vor allem an der Offensive arbeiten. Mit 11 geschossenen Toren hat man die zweitwenigsten der Liga erzielt, nur das Schlusslicht Rastpfuhl traf seltener in das gegnerische Geh\u00e4use. 4 Tore erzielte Beaumarais allerdings am vergangenen Wochenende. Gegen den FV P\u00fcttlingen gewann die Birk-Elf\u00a0mit 4:3.<\/p>\n<p><strong>Die Spvgg<\/strong><\/p>\n<p>So schnell vergeht die Zeit. Schon ein Drittel der Saison ist gespielt. Unsere Sportvereinigung befindet sich nach dem 10. Spieltag im vorderen Tabellendrittel, auf Platz 6 der Tabelle. Eine Platzierung die sich f\u00fcr einen Aufsteiger sehen lassen kann. Doch dies ist nur eine sch\u00f6ne Momentaufnahme. Unsere Mannschaft muss weiter ganz hart arbeiten und Woche f\u00fcr Woche an ihre Grenzen gehen um sich in der gesamten Spielzeit in sicheren Gefilden aufzuhalten. Unsere Mannschaft stellt derzeit hinter dem SC Gro\u00dfrosseln die zweitbeste Heimelf der Liga. W\u00e4re es Ausw\u00e4rts nur ann\u00e4hernd so gut gelaufen, wer wei\u00df wo die Wambe dann stehen w\u00fcrden. Au\u00dferdem hat die Truppe unserer beiden Trainer Markus Woll und seinem Co Mike Br\u00fcckerhoff den zweist\u00e4rksten Angriff. Ein Trumpf auf den man auch am Sonntag setzen m\u00f6chte. Unsere Mannschaft kann mit einer breiten Brust in der Festung Franzenhaus auflaufen, sollte den Gegner aber absolut ernst nehmen und mit voller Konzentration zur Sache gehen.<\/p>\n<p><strong>Die Liga<\/strong><\/p>\n<p>Der FC Rastpfuhl hat bereits seinen\u00a0zweiten Trainerwechsel in dieser Saison\u00a0vollzogen. Nach dem Spiel in Quierschied trennte sich der abstiegsgef\u00e4hrdete FCR von Coach Patrick Schmitt. F\u00fcr ihn \u00fcbernimmt Patric Adolph, der gleichzeitig auch die B-Jugend des Vereins trainiert. In der Tabelle stehen der TuS Herrensohr und der SC Gro\u00dfrosseln an der Spitze. Unter der Woche stand f\u00fcr Herrensohr das Pokalspiel gegen den 1. FC Saarbr\u00fccken an. Dabei unterlag Kaltnaggisch durch zwei sp\u00e4te Gegentore nur knapp mit 0:2. Im Achtelfinale des Pokals steht noch ein Vertreter der Verbandsliga S\u00fcdwest: der SV Klarenthal. Ende Oktober empf\u00e4ngt der SVK den Oberligisten Hertha Wiesbach.<\/p>\n<p><span style=\"text-decoration: underline\"><strong>11. Spieltag Kreisliga A\/B Halberg Spvgg Quierschied &#8211; FV Matzenberg<\/strong><\/span><\/p>\n<p><a href=\"https:\/\/www.spvgg-quierschied.de\/wp-content\/uploads\/2014\/10\/FV-Matzenberg-Logo.jpg\"><img loading=\"lazy\" decoding=\"async\" class=\"wp-image-10191 alignleft\" src=\"https:\/\/www.spvgg-quierschied.de\/wp-content\/uploads\/2014\/10\/FV-Matzenberg-Logo.jpg\" alt=\"FV Matzenberg Logo\" width=\"115\" height=\"116\" srcset=\"https:\/\/www.spvgg-quierschied.de\/wp-content\/uploads\/2014\/10\/FV-Matzenberg-Logo.jpg 156w, https:\/\/www.spvgg-quierschied.de\/wp-content\/uploads\/2014\/10\/FV-Matzenberg-Logo-150x150.jpg 150w\" sizes=\"auto, (max-width: 115px) 100vw, 115px\" \/><\/a>Unsere 2. Mannschaft steht momentan auf Platz 2 der Kreisliga A Halberg. Am kommenden Sonntag empf\u00e4ngt die Truppe von Trainer Hans Eiler den F\u00fcnften, FV Matzenberg. Die G\u00e4ste haben gerade einmal zwei Punkte weniger auf dem Konto als unsere Spvgg. Eine Chance also f\u00fcr unsere Wambe den Abstand auf den Verfolger zu vergr\u00f6\u00dfern. Unsere Mannschaft ist in einer guten Form und hat den st\u00e4rksten Angriff der Liga. Mit diesem und einer kompakten Defensive soll Matzenberg am Sonntag bezwungen werden.<\/p>\n<p>Unsere Dritte muss gegen\u00fcber der Partie gegen den FK Bosna wieder eine Schippe drauflegen. Derzeit steht sie mit einem gro\u00dfen Abstand auf den Ersten FC St. Arnual auf Platz 2 der Kreisliga B Halberg, hat aber auch zwei Spiele weniger absolviert. Um dem Spitzenreiter auf den Fersen zu bleiben bedarf es am Sonntag 3 Punkten. Betreuer Tommy Nawrath wird seine Jungs entsprechend hei\u00df machen und hofft dabei auf einige Zuschauer die nach dem Spiel unserer Ersten auch noch unserer 3. Mannschaft um 16:45 Uhr zuschauen.<\/p>\n<p><strong>Am vergangenen Wochenende gab es 9 Punkte am Franzenhaus. Auch am Sonntag wollen unsere Aktiven alle Spiele gewinnen. Unterst\u00fctzt sie dabei lautstark am Franzenhaus! Viele weitere Infos rund um die Spiele und unsere Spvgg gibt es wieder im Stadionheft &#8222;das Wambebl\u00e4ttche&#8220;.\u00a0<\/strong><\/p>\n<p><a href=\"http:\/\/www.fupa.net\/spielberichte\/spvgg-quierschied-tus-beaumarais-1493683.html\" target=\"_blank\">Hier geht es zum Liveticker der 1. Mannschaft <\/a>(ab 15:00 Uhr)<\/p>\n<p><a href=\"http:\/\/www.fupa.net\/spielberichte\/spvgg-quierschied-fv-matzenberg-1554345.html\" target=\"_blank\">Hier geht es zum Liveticker der 2. Mannschaft<\/a> (ab 13:15 Uhr)<\/p>\n<p><a href=\"http:\/\/www.fupa.net\/spielberichte\/spvgg-quierschied-fv-matzenberg-1938363.html\" target=\"_blank\">Hier geht es zum Liveticker der 3. Mannschaft <\/a>(ab 16:45 Uhr)<\/p>\n<p>&nbsp;<\/p>\n","protected":false},"excerpt":{"rendered":"<p>Am kommenden Sonntag finden wie letzte Woche wieder drei Heimspiele f\u00fcr unsere Aktiven der Spvgg Quierschied statt. Den Anfang macht um 13:15 Uhr unsere 2. Mannschaft gegen den FV Matzenberg. Anschlie\u00dfend steigt um 15:00 Uhr das Spiel zwischen unserer 1.&hellip;<\/p>\n<p class=\"more-link-p\"><a class=\"more-link\" href=\"https:\/\/www.spvgg-quierschied.de\/?p=10189\">Read more &rarr;<\/a><\/p>\n","protected":false},"author":4,"featured_media":10192,"comment_status":"closed","ping_status":"closed","sticky":false,"template":"","format":"standard","meta":{"footnotes":""},"categories":[5],"tags":[],"class_list":["post-10189","post","type-post","status-publish","format-standard","has-post-thumbnail","hentry","category-aktive"],"_links":{"self":[{"href":"https:\/\/www.spvgg-quierschied.de\/index.php?rest_route=\/wp\/v2\/posts\/10189","targetHints":{"allow":["GET"]}}],"collection":[{"href":"https:\/\/www.spvgg-quierschied.de\/index.php?rest_route=\/wp\/v2\/posts"}],"about":[{"href":"https:\/\/www.spvgg-quierschied.de\/index.php?rest_route=\/wp\/v2\/types\/post"}],"author":[{"embeddable":true,"href":"https:\/\/www.spvgg-quierschied.de\/index.php?rest_route=\/wp\/v2\/users\/4"}],"replies":[{"embeddable":true,"href":"https:\/\/www.spvgg-quierschied.de\/index.php?rest_route=%2Fwp%2Fv2%2Fcomments&post=10189"}],"version-history":[{"count":10,"href":"https:\/\/www.spvgg-quierschied.de\/index.php?rest_route=\/wp\/v2\/posts\/10189\/revisions"}],"predecessor-version":[{"id":10201,"href":"https:\/\/www.spvgg-quierschied.de\/index.php?rest_route=\/wp\/v2\/posts\/10189\/revisions\/10201"}],"wp:featuredmedia":[{"embeddable":true,"href":"https:\/\/www.spvgg-quierschied.de\/index.php?rest_route=\/wp\/v2\/media\/10192"}],"wp:attachment":[{"href":"https:\/\/www.spvgg-quierschied.de\/index.php?rest_route=%2Fwp%2Fv2%2Fmedia&parent=10189"}],"wp:term":[{"taxonomy":"category","embeddable":true,"href":"https:\/\/www.spvgg-quierschied.de\/index.php?rest_route=%2Fwp%2Fv2%2Fcategories&post=10189"},{"taxonomy":"post_tag","embeddable":true,"href":"https:\/\/www.spvgg-quierschied.de\/index.php?rest_route=%2Fwp%2Fv2%2Ftags&post=10189"}],"curies":[{"name":"wp","href":"https:\/\/api.w.org\/{rel}","templated":true}]}}