{"id":10151,"date":"2014-10-09T12:48:10","date_gmt":"2014-10-09T10:48:10","guid":{"rendered":"http:\/\/www.spvgg-quierschied.de\/?p=10151"},"modified":"2014-10-09T22:52:33","modified_gmt":"2014-10-09T20:52:33","slug":"volles-programm-am-wochenende","status":"publish","type":"post","link":"https:\/\/www.spvgg-quierschied.de\/?p=10151","title":{"rendered":"Volles Programm am Wochenende"},"content":{"rendered":"<p dir=\"LTR\" align=\"LEFT\"><span style=\"color: #333333\"><strong>Schon am Samstag empf\u00e4ngt unsere 1. Mannschaft der Spvgg Quierschied den FC Rastpfuhl zum 10. Spieltag der Verbandsliga S\u00fcdwest. Ansto\u00df am Franzenhaus ist um 16:00 Uhr. Anschlie\u00dfend findet im Clubheim das <a style=\"color: #333333\" href=\"https:\/\/www.spvgg-quierschied.de\/?p=10097\"><span style=\"color: #ff0000\">Oktoberfest 2014<\/span><\/a> statt. Am Sonntag sind unsere 2. und 3. Mannschaft der Wambe im Einsatz. Zu Gast ist der FK Bosna Saar. Ansto\u00df f\u00fcr die Dritte ist um 13:15 Uhr, f\u00fcr die Zweite um 15:00 Uhr. F\u00fcr das Spiel der 1. und 2. Mannschaft gibt es wieder einen <span style=\"text-decoration: underline\"><span style=\"text-decoration: underline\">Liveticker<\/span><\/span>. Die Links gibt es am Ende des Berichts. Vor dem Spiel unserer Ersten finden am Samstag noch Jugendspiele statt. Um 11:30 spielt unsere E Jugend und um 13:45 Uhr\u00a0unsere D Jugend gegen Neuweiler.<\/strong><\/span><\/p>\n<p dir=\"LTR\" align=\"LEFT\"><span style=\"color: #333333\"><strong><span style=\"text-decoration: underline\">10. Spieltag Verbandsliga S\u00fcdwest 11.10.2014 Spvgg Quierschied \u2013 FC Rastpfuhl<\/span><\/strong><\/span><\/p>\n<p dir=\"LTR\" align=\"LEFT\"><span style=\"color: #333333\"><strong>Der Gegner<\/strong><\/span><\/p>\n<div id=\"attachment_10152\" style=\"width: 118px\" class=\"wp-caption alignleft\"><a style=\"color: #333333\" href=\"https:\/\/www.spvgg-quierschied.de\/wp-content\/uploads\/2014\/10\/Wappen-FC-Rastpfuhl.jpg\"><img loading=\"lazy\" decoding=\"async\" aria-describedby=\"caption-attachment-10152\" class=\"wp-image-10152 size-full\" src=\"https:\/\/www.spvgg-quierschied.de\/wp-content\/uploads\/2014\/10\/Wappen-FC-Rastpfuhl.jpg\" alt=\"Wappen FC Rastpfuhl\" width=\"108\" height=\"116\" \/><\/a><p id=\"caption-attachment-10152\" class=\"wp-caption-text\"><span style=\"color: #333333\">Quelle: fupa.net<\/span><\/p><\/div>\n<p dir=\"LTR\" align=\"LEFT\"><span style=\"color: #333333;font-family: Calibri;font-size: medium\"><span style=\"font-family: Calibri;font-size: medium\">Mit dem FC Rastpfuhl kommt am Samstag das Schlusslicht der Verbandsliga S\u00fcdwest nach Quierschied. Die Mannschaft von Trainer Patrick Schmitt hat bisher noch keinen einzigen Punkt eingefahren und ein Torverh\u00e4ltnis von 5:47. Schmitt wurde erst kurz vor Rundenbeginn zum Chefcoach beordert, nachdem der Verein sich von Trainer Titan Monostori getrennt hatte. Nach der Entlassung von Monostori wechselten kurzfristig noch einige Spieler den Verein, sodass der FCR \u00fcberwiegend mit seiner Kreisligamannschaft an den Start ging. Diese wurde dort allerdings Meister sodass die Reserve mittlerweile in der Bezirksliga spielt. Doch auch bei der Zweiten sieht es nicht gut aus, sie ist Vorletzter. Das man die Erstvertretung des FC Rastpfuhl nicht ohne M\u00fche schl\u00e4gt, zeigen einige Resultate der bisherigen Saison. So unterlag die Schmitt-Elf beim Spitzenreiter SC Gro\u00dfrosseln knapp mit 2:4 und auch in P\u00fcttlingen gab es vor zwei Wochen eine knappe 1:2 Niederlage. Dabei f\u00fchrte der FCR sogar zur Halbzeit mit 1:0. Am letzten Spieltag ging Rastpfuhl aber sang und klanglos unter. Gegen Aufsteiger Perl-Besch gab es am heimischen Knappenroth eine deftige 1:10 Packung. <\/span><\/span><\/p>\n<p dir=\"LTR\" align=\"LEFT\"><span style=\"color: #333333\"><strong>Unsere Spvgg<\/strong><\/span><\/p>\n<p dir=\"LTR\" align=\"LEFT\"><span style=\"color: #333333\">Mit dem klaren Anspruch das Heimspiel in Quierschied zu gewinnen geht unsere Mannschaft am Samstag in die Partie. Die Truppe von unserem Coach Markus Woll geh\u00f6rt zu den st\u00e4rksten Heimteams der Liga und will gegen den Tabellenletzten nichts anbrennen lassen. Dazu bedarf es aber einer klaren Leistungssteigerung als beim Spiel in P\u00fcttlingen. Kaum ein Spieler war bei 100%, unerkl\u00e4rlich die gezeigte Leistung gegen\u00fcber den starken Ausw\u00e4rtsspielen bei den Spitzenteams Riegelsberg und Herrensohr. Vergessen darf man nat\u00fcrlich nie, wir sind Aufsteiger. Und die aktuelle Platzierung ist gut. Doch unsere Mannschaft kann wesentlich mehr als in vielen Spielen in dieser Runde gezeigt. Es scheint als habe die Mannschaft ein Einstellungsproblem gegen Teams aus der hinteren Tabellenregion.\u00a0Nun muss man alles daf\u00fcr geben nicht selbst dorthin abzurutschen. Coach Woll, der von seiner Mannschaft in der aktuellen Ausgabe des Stadionheft Wambebl\u00e4ttches (Samstag und Sonntag an der Kasse kostenfrei erh\u00e4ltlich) bedingungslosen Einsatz und Leidenschaft fordert, hat unter der Woche gemeinsam mit Co-Coach Mike Br\u00fcckerhoff deutliche Worte gefunden. Gleichzeitig haben sie\u00a0die Truppe aber auch wieder aufgebaut sodass wir am Samstag wieder auf eine Quierschieder Mannschaft hoffen k\u00f6nnen, die zeigt das sie mit Spa\u00df, Freude und voller Motivation auch den Tabellenletzten ordentlich\u00a0bespielen und besiegen\u00a0kann.<\/span><\/p>\n<p dir=\"LTR\" align=\"LEFT\"><span style=\"color: #333333\"><strong>Die Liga<\/strong><\/span><\/p>\n<p dir=\"LTR\" align=\"LEFT\"><span style=\"color: #333333\">Der absolute Topfavorit der Liga, SV Klarenthal hat bei der Niederlage in Herrensohr am vergangenen Samstag (3:4) erneut gepatzt. Es scheint doch nicht der erwartete Durchmarsch der namenhaften Truppe von Trainer Khosro Thalee zu werden. An der Spitze geht es eng zur Sache, Spitzenreiter Gro\u00dfrosseln und den F\u00fcnften Schwalbach trennen 4 Punkte. Am Samstag stehen zwei Spiele auf dem Programm. Neben unserer Wambe gegen Rastpfuhl steigt auch das Warndt-Derby Karlsbrunn gegen Gro\u00dfrosseln. Bereits am Freitag spielt die SG Perl-Besch gegen den FC Brotdorf.<\/span><\/p>\n<p dir=\"LTR\" align=\"LEFT\"><span style=\"color: #333333;text-decoration: underline\"><strong>10. Spieltag Kreisliga A\/B Halberg 12.10.2014 Spvgg Quierschied \u2013 FK Bosna Saar<\/strong><\/span><\/p>\n<div id=\"attachment_10153\" style=\"width: 110px\" class=\"wp-caption alignleft\"><a style=\"color: #333333\" href=\"https:\/\/www.spvgg-quierschied.de\/wp-content\/uploads\/2014\/10\/Wappen-FK-Bosna.gif\"><img loading=\"lazy\" decoding=\"async\" aria-describedby=\"caption-attachment-10153\" class=\"wp-image-10153 size-full\" src=\"https:\/\/www.spvgg-quierschied.de\/wp-content\/uploads\/2014\/10\/Wappen-FK-Bosna.gif\" alt=\"Wappen FK Bosna\" width=\"100\" height=\"100\" \/><\/a><p id=\"caption-attachment-10153\" class=\"wp-caption-text\"><span style=\"color: #333333\">Quelle: fupa.net<\/span><\/p><\/div>\n<p dir=\"LTR\" align=\"LEFT\"><span style=\"color: #333333\">Unsere 2. Mannschaft hat die Pflichtaufgabe UFC Wacker souver\u00e4n mit dem 8:0 Sieg am Sonntag bew\u00e4ltigt. Mit dem FK Bosna Saar erwartet die Mannschaft von Trainer Hans Eiler einen unbekannten Gegner. Gerade dies macht die Aufgabe etwas schwieriger. Anhand der Tabelle ist unsere kleine Wambe aber Favorit. W\u00e4hrend sich die Spvgg in der Spitzengruppe festgesetzt hat, stehen die G\u00e4ste auf Rang 11. Dieser Rolle gilt es am Sonntag mit voller Konzentration gerecht zu werden.<\/span><\/p>\n<p dir=\"LTR\" align=\"LEFT\"><span style=\"color: #333333\">Unsere 3. Mannschaft musste am Sonntag leider wieder aussetzen, zur Partie beim UFC Wacker erschien kein Schiri. Umso mehr freuen sich die Jungs von Betreuer Tommy Nawrath am Sonntag wieder unter das runde Leder treten zu k\u00f6nnen.<\/span><\/p>\n<p dir=\"LTR\" align=\"LEFT\"><span style=\"color: #333333\"><strong>Heimspiel unserer Erschd am Samstag, dazu Oktoberfest im Anschluss. Und am Sonntag Spiele unserer beiden Reserveteams. Volles Programm am Wochenende f\u00fcr echte Quierschieder Wambe. Seid mit dabei und unterst\u00fctzt unsere Jungs!<\/strong><\/span><\/p>\n<p dir=\"LTR\" align=\"LEFT\"><span style=\"color: #ff0000\"><a style=\"color: #ff0000\" href=\"https:\/\/www.spvgg-quierschied.de\/?page_id=9105\">Hier geht es zum Liveticker Spvgg Quierschied \u2013 FC Rastpfuhl (Samstag ab 16 Uhr)<\/a><\/span><\/p>\n<p dir=\"LTR\" align=\"LEFT\"><span style=\"color: #ff0000\"><a style=\"color: #ff0000\" href=\"https:\/\/www.spvgg-quierschied.de\/?page_id=9486\">Hier geht es zum Liveticker Spvgg Quierschied II \u2013 FK Bosna Saar (Sonntag ab 15 Uhr)<\/a><\/span><\/p>\n<p><span style=\"color: #333333\">\u00a0<\/span><\/p>\n","protected":false},"excerpt":{"rendered":"<p>Schon am Samstag empf\u00e4ngt unsere 1. Mannschaft der Spvgg Quierschied den FC Rastpfuhl zum 10. Spieltag der Verbandsliga S\u00fcdwest. Ansto\u00df am Franzenhaus ist um 16:00 Uhr. Anschlie\u00dfend findet im Clubheim das Oktoberfest 2014 statt. Am Sonntag sind unsere 2. und&hellip;<\/p>\n<p class=\"more-link-p\"><a class=\"more-link\" href=\"https:\/\/www.spvgg-quierschied.de\/?p=10151\">Read more &rarr;<\/a><\/p>\n","protected":false},"author":4,"featured_media":10152,"comment_status":"closed","ping_status":"closed","sticky":false,"template":"","format":"standard","meta":{"footnotes":""},"categories":[5],"tags":[],"class_list":["post-10151","post","type-post","status-publish","format-standard","has-post-thumbnail","hentry","category-aktive"],"_links":{"self":[{"href":"https:\/\/www.spvgg-quierschied.de\/index.php?rest_route=\/wp\/v2\/posts\/10151","targetHints":{"allow":["GET"]}}],"collection":[{"href":"https:\/\/www.spvgg-quierschied.de\/index.php?rest_route=\/wp\/v2\/posts"}],"about":[{"href":"https:\/\/www.spvgg-quierschied.de\/index.php?rest_route=\/wp\/v2\/types\/post"}],"author":[{"embeddable":true,"href":"https:\/\/www.spvgg-quierschied.de\/index.php?rest_route=\/wp\/v2\/users\/4"}],"replies":[{"embeddable":true,"href":"https:\/\/www.spvgg-quierschied.de\/index.php?rest_route=%2Fwp%2Fv2%2Fcomments&post=10151"}],"version-history":[{"count":15,"href":"https:\/\/www.spvgg-quierschied.de\/index.php?rest_route=\/wp\/v2\/posts\/10151\/revisions"}],"predecessor-version":[{"id":10173,"href":"https:\/\/www.spvgg-quierschied.de\/index.php?rest_route=\/wp\/v2\/posts\/10151\/revisions\/10173"}],"wp:featuredmedia":[{"embeddable":true,"href":"https:\/\/www.spvgg-quierschied.de\/index.php?rest_route=\/wp\/v2\/media\/10152"}],"wp:attachment":[{"href":"https:\/\/www.spvgg-quierschied.de\/index.php?rest_route=%2Fwp%2Fv2%2Fmedia&parent=10151"}],"wp:term":[{"taxonomy":"category","embeddable":true,"href":"https:\/\/www.spvgg-quierschied.de\/index.php?rest_route=%2Fwp%2Fv2%2Fcategories&post=10151"},{"taxonomy":"post_tag","embeddable":true,"href":"https:\/\/www.spvgg-quierschied.de\/index.php?rest_route=%2Fwp%2Fv2%2Ftags&post=10151"}],"curies":[{"name":"wp","href":"https:\/\/api.w.org\/{rel}","templated":true}]}}